{"id":13673,"date":"2020-10-22T20:13:00","date_gmt":"2020-10-22T18:13:00","guid":{"rendered":"https:\/\/www.granadablogs.com\/juezcalatayud\/?p=13673"},"modified":"2020-10-22T20:13:00","modified_gmt":"2020-10-22T18:13:00","slug":"mi-homenaje-a-esos-heroes-a-la-fuerza-que-son-los-maestros-se-la-estan-jugando-con-el-bicho-y-nadie-dice-nada","status":"publish","type":"post","link":"https:\/\/www.granadablogs.com\/juezcalatayud\/2020\/10\/mi-homenaje-a-esos-heroes-a-la-fuerza-que-son-los-maestros-se-la-estan-jugando-con-el-bicho-y-nadie-dice-nada\/","title":{"rendered":"Mi homenaje a esos h\u00e9roes a la fuerza que son los maestros, se la est\u00e1n jugando con el &#8216;bicho&#8217; y nadie dice nada"},"content":{"rendered":"<p>&nbsp;<\/p>\n<figure id=\"attachment_10584\" aria-describedby=\"caption-attachment-10584\" style=\"width: 644px\" class=\"wp-caption aligncenter\"><img loading=\"lazy\" decoding=\"async\" class=\"wp-image-10584 size-large\" src=\"https:\/\/www.granadablogs.com\/juezcalatayud\/wp-content\/uploads\/2019\/05\/Emi-nueva-644x429.jpg\" alt=\"\" width=\"644\" height=\"429\" srcset=\"https:\/\/www.granadablogs.com\/juezcalatayud\/wp-content\/uploads\/2019\/05\/Emi-nueva-644x429.jpg 644w, https:\/\/www.granadablogs.com\/juezcalatayud\/wp-content\/uploads\/2019\/05\/Emi-nueva-300x200.jpg 300w, https:\/\/www.granadablogs.com\/juezcalatayud\/wp-content\/uploads\/2019\/05\/Emi-nueva-768x512.jpg 768w\" sizes=\"auto, (max-width: 644px) 100vw, 644px\" \/><figcaption id=\"caption-attachment-10584\" class=\"wp-caption-text\">Foto: Alfredo Aguilar.<\/figcaption><\/figure>\n<p>Buenas, soy Emilio Calatayud. En la lucha contra la pandemia no hay h\u00e9roes, porque nadie quiere morir ni enfermar. Son profesionales que saben que su labor es imprescindible para que el mundo no se pare y por eso luchan. Pero tienen miedo. Entre esos h\u00e9roes a la fuerza est\u00e1n los maestros de Primaria, Secundaria y Bachiller, y seguramente es de los que menos se habla. Una vez pasado el inicio del curso, solo hay silencio. \u00bfCu\u00e1ntos est\u00e1n contagiados? \u00bfCu\u00e1ntos est\u00e1n confinados? \u00bfNo es una informaci\u00f3n relevante que deber\u00eda conocer la ciudadan\u00eda? Los maestros se la est\u00e1n jugando con el &#8216;bicho&#8217;. Esa es la realidad. Ahora no encontramos sanitarios, pero me temo que lo siguiente ser\u00e1 que no encontraremos maestros. Y la sanidad y la educaci\u00f3n son los pilares del estado del bienestar.<\/p>\n<p>Ahora llega el toque de queda, pero los colegios seguir\u00e1n abiertos. La Universidad presencial cerrada, pero los colegios y los institutos abiertos. \u00bfAlguien me lo podr\u00eda explicar? \u00bfO es que los pol\u00edticos no han tenido tiempo para pensar qu\u00e9 hacer con los ni\u00f1os&#8230; y con los padres?<\/p>\n<p>\u00bfQu\u00e9 pasa, que el &#8216;bicho&#8217; sale entre las once de la noche y las seis de la ma\u00f1ana y luego se acuesta?<\/p>\n<p>Un abrazo y un beso para los maestros, las maestras y sus familias. Siento que teng\u00e1is que ser h\u00e9roes a la fuerza.<\/p>\n","protected":false},"excerpt":{"rendered":"<p>&nbsp; Buenas, soy Emilio Calatayud. En la lucha contra la pandemia no hay h\u00e9roes, porque nadie quiere morir ni enfermar. Son profesionales que saben que su labor es imprescindible para que el mundo no se pare y por eso luchan. Pero tienen miedo. Entre esos h\u00e9roes a la fuerza est\u00e1n los maestros de Primaria, Secundaria [&hellip;]<\/p>\n","protected":false},"author":2,"featured_media":0,"comment_status":"open","ping_status":"open","sticky":false,"template":"","format":"standard","meta":{"jetpack_post_was_ever_published":false,"_jetpack_newsletter_access":"","_jetpack_dont_email_post_to_subs":false,"_jetpack_newsletter_tier_id":0,"_jetpack_memberships_contains_paywalled_content":false,"_jetpack_memberships_contains_paid_content":false,"footnotes":""},"categories":[1],"tags":[2761,2170,81],"class_list":["post-13673","post","type-post","status-publish","format-standard","hentry","category-blog","tag-a-los","tag-homenaje","tag-maestros"],"jetpack_featured_media_url":"","jetpack_shortlink":"https:\/\/wp.me\/p5fzW5-3yx","jetpack-related-posts":[],"jetpack_sharing_enabled":true,"_links":{"self":[{"href":"https:\/\/www.granadablogs.com\/juezcalatayud\/wp-json\/wp\/v2\/posts\/13673","targetHints":{"allow":["GET"]}}],"collection":[{"href":"https:\/\/www.granadablogs.com\/juezcalatayud\/wp-json\/wp\/v2\/posts"}],"about":[{"href":"https:\/\/www.granadablogs.com\/juezcalatayud\/wp-json\/wp\/v2\/types\/post"}],"author":[{"embeddable":true,"href":"https:\/\/www.granadablogs.com\/juezcalatayud\/wp-json\/wp\/v2\/users\/2"}],"replies":[{"embeddable":true,"href":"https:\/\/www.granadablogs.com\/juezcalatayud\/wp-json\/wp\/v2\/comments?post=13673"}],"version-history":[{"count":6,"href":"https:\/\/www.granadablogs.com\/juezcalatayud\/wp-json\/wp\/v2\/posts\/13673\/revisions"}],"predecessor-version":[{"id":13679,"href":"https:\/\/www.granadablogs.com\/juezcalatayud\/wp-json\/wp\/v2\/posts\/13673\/revisions\/13679"}],"wp:attachment":[{"href":"https:\/\/www.granadablogs.com\/juezcalatayud\/wp-json\/wp\/v2\/media?parent=13673"}],"wp:term":[{"taxonomy":"category","embeddable":true,"href":"https:\/\/www.granadablogs.com\/juezcalatayud\/wp-json\/wp\/v2\/categories?post=13673"},{"taxonomy":"post_tag","embeddable":true,"href":"https:\/\/www.granadablogs.com\/juezcalatayud\/wp-json\/wp\/v2\/tags?post=13673"}],"curies":[{"name":"wp","href":"https:\/\/api.w.org\/{rel}","templated":true}]}}