{"id":13602,"date":"2020-10-10T20:28:08","date_gmt":"2020-10-10T18:28:08","guid":{"rendered":"https:\/\/www.granadablogs.com\/juezcalatayud\/?p=13602"},"modified":"2020-10-10T20:28:08","modified_gmt":"2020-10-10T18:28:08","slug":"en-el-dia-de-la-salud-mental-decir-no-a-un-chaval-no-lo-traumatiza-pero-fumar-maria-si-puede-danarle-la-mente","status":"publish","type":"post","link":"https:\/\/www.granadablogs.com\/juezcalatayud\/2020\/10\/en-el-dia-de-la-salud-mental-decir-no-a-un-chaval-no-lo-traumatiza-pero-fumar-maria-si-puede-danarle-la-mente\/","title":{"rendered":"En el D\u00eda de la Salud Mental: decir &#8216;no&#8217; a un chaval no lo traumatiza, pero fumar &#8216;mar\u00eda&#8217; s\u00ed puede da\u00f1arle la mente"},"content":{"rendered":"<p>&nbsp;<\/p>\n<figure id=\"attachment_7727\" aria-describedby=\"caption-attachment-7727\" style=\"width: 644px\" class=\"wp-caption aligncenter\"><img loading=\"lazy\" decoding=\"async\" class=\"wp-image-7727 size-large\" src=\"https:\/\/www.granadablogs.com\/juezcalatayud\/wp-content\/uploads\/2018\/02\/juezjuez-644x398.jpg\" alt=\"\" width=\"644\" height=\"398\" srcset=\"https:\/\/www.granadablogs.com\/juezcalatayud\/wp-content\/uploads\/2018\/02\/juezjuez-644x398.jpg 644w, https:\/\/www.granadablogs.com\/juezcalatayud\/wp-content\/uploads\/2018\/02\/juezjuez-300x185.jpg 300w, https:\/\/www.granadablogs.com\/juezcalatayud\/wp-content\/uploads\/2018\/02\/juezjuez.jpg 648w\" sizes=\"auto, (max-width: 644px) 100vw, 644px\" \/><figcaption id=\"caption-attachment-7727\" class=\"wp-caption-text\">IDEAL.<\/figcaption><\/figure>\n<p>Buenas, soy Emilio Calatayud. Hoy es el D\u00eda Mundial de la Salud Mental y, en primer lugar, quiero mandar un abrazo (con la distancia obligada) a todas las personas que padecen una enfermedad o un trastorno mental (que podemos ser cualquiera) y a sus familias y cuidadores, porque hay casos muy complicados de llevar.<\/p>\n<p>Por lo dem\u00e1s, decir &#8216;no&#8217; a un chaval no lo traumatiza, pero fumar &#8216;mar\u00eda&#8217; si puede da\u00f1arles la mente. Ambas cosas las digo por experiencia. He tenido a ni\u00f1os totalmente idos por consumir marihuana, ni\u00f1os que cre\u00edan levitar o que agred\u00edan a sus padres si les faltaba la droga. La &#8216;mar\u00eda&#8217; que se planta en los pisos est\u00e1 modificada para que coloque m\u00e1s y hay chicos que est\u00e1n perdiendo la raz\u00f3n por tomarla.<\/p>\n","protected":false},"excerpt":{"rendered":"<p>&nbsp; Buenas, soy Emilio Calatayud. Hoy es el D\u00eda Mundial de la Salud Mental y, en primer lugar, quiero mandar un abrazo (con la distancia obligada) a todas las personas que padecen una enfermedad o un trastorno mental (que podemos ser cualquiera) y a sus familias y cuidadores, porque hay casos muy complicados de llevar. [&hellip;]<\/p>\n","protected":false},"author":2,"featured_media":0,"comment_status":"open","ping_status":"open","sticky":false,"template":"","format":"standard","meta":{"jetpack_post_was_ever_published":false,"_jetpack_newsletter_access":"","_jetpack_dont_email_post_to_subs":false,"_jetpack_newsletter_tier_id":0,"_jetpack_memberships_contains_paywalled_content":false,"_jetpack_memberships_contains_paid_content":false,"footnotes":""},"categories":[1],"tags":[624,681,433],"class_list":["post-13602","post","type-post","status-publish","format-standard","hentry","category-blog","tag-dia","tag-mental","tag-salud"],"jetpack_featured_media_url":"","jetpack_shortlink":"https:\/\/wp.me\/p5fzW5-3xo","jetpack-related-posts":[],"jetpack_sharing_enabled":true,"_links":{"self":[{"href":"https:\/\/www.granadablogs.com\/juezcalatayud\/wp-json\/wp\/v2\/posts\/13602","targetHints":{"allow":["GET"]}}],"collection":[{"href":"https:\/\/www.granadablogs.com\/juezcalatayud\/wp-json\/wp\/v2\/posts"}],"about":[{"href":"https:\/\/www.granadablogs.com\/juezcalatayud\/wp-json\/wp\/v2\/types\/post"}],"author":[{"embeddable":true,"href":"https:\/\/www.granadablogs.com\/juezcalatayud\/wp-json\/wp\/v2\/users\/2"}],"replies":[{"embeddable":true,"href":"https:\/\/www.granadablogs.com\/juezcalatayud\/wp-json\/wp\/v2\/comments?post=13602"}],"version-history":[{"count":2,"href":"https:\/\/www.granadablogs.com\/juezcalatayud\/wp-json\/wp\/v2\/posts\/13602\/revisions"}],"predecessor-version":[{"id":13604,"href":"https:\/\/www.granadablogs.com\/juezcalatayud\/wp-json\/wp\/v2\/posts\/13602\/revisions\/13604"}],"wp:attachment":[{"href":"https:\/\/www.granadablogs.com\/juezcalatayud\/wp-json\/wp\/v2\/media?parent=13602"}],"wp:term":[{"taxonomy":"category","embeddable":true,"href":"https:\/\/www.granadablogs.com\/juezcalatayud\/wp-json\/wp\/v2\/categories?post=13602"},{"taxonomy":"post_tag","embeddable":true,"href":"https:\/\/www.granadablogs.com\/juezcalatayud\/wp-json\/wp\/v2\/tags?post=13602"}],"curies":[{"name":"wp","href":"https:\/\/api.w.org\/{rel}","templated":true}]}}