{"id":13517,"date":"2020-09-24T20:17:10","date_gmt":"2020-09-24T18:17:10","guid":{"rendered":"https:\/\/www.granadablogs.com\/juezcalatayud\/?p=13517"},"modified":"2020-09-24T20:17:10","modified_gmt":"2020-09-24T18:17:10","slug":"don-emilio-nombrado-gitano-andaluz-del-ano-da-usted-unas-hostias-juridicas-sin-mano-muy-bien-dadas","status":"publish","type":"post","link":"https:\/\/www.granadablogs.com\/juezcalatayud\/2020\/09\/don-emilio-nombrado-gitano-andaluz-del-ano-da-usted-unas-hostias-juridicas-sin-mano-muy-bien-dadas\/","title":{"rendered":"Don Emilio, nombrado gitano andaluz del a\u00f1o: \u00abDa usted unas hostias jur\u00eddicas sin mano muy bien dadas\u00bb"},"content":{"rendered":"<p>&nbsp;<\/p>\n<figure id=\"attachment_13519\" aria-describedby=\"caption-attachment-13519\" style=\"width: 644px\" class=\"wp-caption aligncenter\"><img loading=\"lazy\" decoding=\"async\" class=\"wp-image-13519 size-large\" src=\"https:\/\/www.granadablogs.com\/juezcalatayud\/wp-content\/uploads\/2020\/09\/GITANOS-644x429.jpg\" alt=\"\" width=\"644\" height=\"429\" srcset=\"https:\/\/www.granadablogs.com\/juezcalatayud\/wp-content\/uploads\/2020\/09\/GITANOS-644x429.jpg 644w, https:\/\/www.granadablogs.com\/juezcalatayud\/wp-content\/uploads\/2020\/09\/GITANOS-300x200.jpg 300w, https:\/\/www.granadablogs.com\/juezcalatayud\/wp-content\/uploads\/2020\/09\/GITANOS-768x512.jpg 768w, https:\/\/www.granadablogs.com\/juezcalatayud\/wp-content\/uploads\/2020\/09\/GITANOS.jpg 800w\" sizes=\"auto, (max-width: 644px) 100vw, 644px\" \/><figcaption id=\"caption-attachment-13519\" class=\"wp-caption-text\">Foto: Ram\u00f3n L. P\u00e9rez<\/figcaption><\/figure>\n<p>Hola, soy Carlos Mor\u00e1n, el compa\u00f1ero de blog de don Emilio.\u00a0La Hermandad Gitana de Andaluc\u00eda y la Asociaci\u00f3n por los Derechos del Pueblo Gitano han rendido un sencillo homenaje, coronavirus obliga, a don Emilio. Lo han rebatuizado como el &#8216;t\u00edo Emilio&#8217;, lo han declarado hombre de respeto y le han entregado un bast\u00f3n de mando. En resumen, que lo han nombrado gitano andaluz del a\u00f1o, un \u00aborgullo\u00bb, dijo el juez, \u00abpara un payo que naci\u00f3 en La Mancha\u00bb.<\/p>\n<p>El t\u00edo Vicente, que ha presidido el homenaje, ha resumido as\u00ed el trabajo de don Emilio: \u00abDa usted unas hostias jur\u00eddicas sin mano muy bien dadas\u00bb. Poco m\u00e1s que a\u00f1adir.<\/p>\n<p>&nbsp;<\/p>\n","protected":false},"excerpt":{"rendered":"<p>&nbsp; Hola, soy Carlos Mor\u00e1n, el compa\u00f1ero de blog de don Emilio.\u00a0La Hermandad Gitana de Andaluc\u00eda y la Asociaci\u00f3n por los Derechos del Pueblo Gitano han rendido un sencillo homenaje, coronavirus obliga, a don Emilio. Lo han rebatuizado como el &#8216;t\u00edo Emilio&#8217;, lo han declarado hombre de respeto y le han entregado un bast\u00f3n de [&hellip;]<\/p>\n","protected":false},"author":3,"featured_media":0,"comment_status":"open","ping_status":"open","sticky":false,"template":"","format":"standard","meta":{"jetpack_post_was_ever_published":false,"_jetpack_newsletter_access":"","_jetpack_dont_email_post_to_subs":false,"_jetpack_newsletter_tier_id":0,"_jetpack_memberships_contains_paywalled_content":false,"_jetpack_memberships_contains_paid_content":false,"footnotes":""},"categories":[1],"tags":[2742,2170,522],"class_list":["post-13517","post","type-post","status-publish","format-standard","hentry","category-blog","tag-gitano","tag-homenaje","tag-juez"],"jetpack_featured_media_url":"","jetpack_shortlink":"https:\/\/wp.me\/p5fzW5-3w1","jetpack-related-posts":[],"jetpack_sharing_enabled":true,"_links":{"self":[{"href":"https:\/\/www.granadablogs.com\/juezcalatayud\/wp-json\/wp\/v2\/posts\/13517","targetHints":{"allow":["GET"]}}],"collection":[{"href":"https:\/\/www.granadablogs.com\/juezcalatayud\/wp-json\/wp\/v2\/posts"}],"about":[{"href":"https:\/\/www.granadablogs.com\/juezcalatayud\/wp-json\/wp\/v2\/types\/post"}],"author":[{"embeddable":true,"href":"https:\/\/www.granadablogs.com\/juezcalatayud\/wp-json\/wp\/v2\/users\/3"}],"replies":[{"embeddable":true,"href":"https:\/\/www.granadablogs.com\/juezcalatayud\/wp-json\/wp\/v2\/comments?post=13517"}],"version-history":[{"count":2,"href":"https:\/\/www.granadablogs.com\/juezcalatayud\/wp-json\/wp\/v2\/posts\/13517\/revisions"}],"predecessor-version":[{"id":13520,"href":"https:\/\/www.granadablogs.com\/juezcalatayud\/wp-json\/wp\/v2\/posts\/13517\/revisions\/13520"}],"wp:attachment":[{"href":"https:\/\/www.granadablogs.com\/juezcalatayud\/wp-json\/wp\/v2\/media?parent=13517"}],"wp:term":[{"taxonomy":"category","embeddable":true,"href":"https:\/\/www.granadablogs.com\/juezcalatayud\/wp-json\/wp\/v2\/categories?post=13517"},{"taxonomy":"post_tag","embeddable":true,"href":"https:\/\/www.granadablogs.com\/juezcalatayud\/wp-json\/wp\/v2\/tags?post=13517"}],"curies":[{"name":"wp","href":"https:\/\/api.w.org\/{rel}","templated":true}]}}