{"id":13413,"date":"2020-09-04T19:32:35","date_gmt":"2020-09-04T17:32:35","guid":{"rendered":"https:\/\/www.granadablogs.com\/juezcalatayud\/?p=13413"},"modified":"2020-09-04T19:32:35","modified_gmt":"2020-09-04T17:32:35","slug":"dice-la-presidenta-de-madrid-que-puede-que-todos-los-ninos-se-contagien-en-el-cole-y-quieren-que-los-padres-no-tengan-miedo","status":"publish","type":"post","link":"https:\/\/www.granadablogs.com\/juezcalatayud\/2020\/09\/dice-la-presidenta-de-madrid-que-puede-que-todos-los-ninos-se-contagien-en-el-cole-y-quieren-que-los-padres-no-tengan-miedo\/","title":{"rendered":"Dice la presidenta de Madrid que puede que todos los ni\u00f1os se contagien en el cole y quieren que los padres no tengan miedo"},"content":{"rendered":"<p>&nbsp;<\/p>\n<figure id=\"attachment_9144\" aria-describedby=\"caption-attachment-9144\" style=\"width: 624px\" class=\"wp-caption aligncenter\"><img loading=\"lazy\" decoding=\"async\" class=\"wp-image-9144 size-full\" src=\"https:\/\/www.granadablogs.com\/juezcalatayud\/wp-content\/uploads\/2018\/09\/juezcalatayudIF0AOL81-kD0E-U40400908947tBD-624x385@Diario-Sur.jpg\" alt=\"\" width=\"624\" height=\"385\" srcset=\"https:\/\/www.granadablogs.com\/juezcalatayud\/wp-content\/uploads\/2018\/09\/juezcalatayudIF0AOL81-kD0E-U40400908947tBD-624x385@Diario-Sur.jpg 624w, https:\/\/www.granadablogs.com\/juezcalatayud\/wp-content\/uploads\/2018\/09\/juezcalatayudIF0AOL81-kD0E-U40400908947tBD-624x385@Diario-Sur-300x185.jpg 300w\" sizes=\"auto, (max-width: 624px) 100vw, 624px\" \/><figcaption id=\"caption-attachment-9144\" class=\"wp-caption-text\">diariosur.es<\/figcaption><\/figure>\n<p>Buenas, soy Emilio Calatayud. En la crisis sanitaria han fallado los gobernantes de izquierdas, de derechas y los de centro. Cuanto antes lo reconozcan, mejor para todos. Y no pasa nada. El coronavirus era algo que nadie sab\u00eda c\u00f3mo manejar. Ahora estamos empezando a aprender, pero llevar\u00e1 tiempo. Ha faltado humildad. Y han sobrado contradicciones. Por ejemplo, la presidenta de Madrid ha llegado a decir que\u00a0\u00abes probable que pr\u00e1cticamente todos los ni\u00f1os se contagien del coronavirus a lo largo del curso\u00bb. No creo que esas palabras animen mucho a ir a clase, pero a la vez insiste en que hay que volver al cole. Y luego quieren que los padres no tengan dudas ni miedos.<\/p>\n","protected":false},"excerpt":{"rendered":"<p>&nbsp; Buenas, soy Emilio Calatayud. En la crisis sanitaria han fallado los gobernantes de izquierdas, de derechas y los de centro. Cuanto antes lo reconozcan, mejor para todos. Y no pasa nada. El coronavirus era algo que nadie sab\u00eda c\u00f3mo manejar. Ahora estamos empezando a aprender, pero llevar\u00e1 tiempo. Ha faltado humildad. Y han sobrado [&hellip;]<\/p>\n","protected":false},"author":2,"featured_media":0,"comment_status":"open","ping_status":"open","sticky":false,"template":"","format":"standard","meta":{"jetpack_post_was_ever_published":false,"_jetpack_newsletter_access":"","_jetpack_dont_email_post_to_subs":false,"_jetpack_newsletter_tier_id":0,"_jetpack_memberships_contains_paywalled_content":false,"_jetpack_memberships_contains_paid_content":false,"footnotes":""},"categories":[1],"tags":[2608,869,934],"class_list":["post-13413","post","type-post","status-publish","format-standard","hentry","category-blog","tag-al","tag-cole","tag-vuelta"],"jetpack_featured_media_url":"","jetpack_shortlink":"https:\/\/wp.me\/p5fzW5-3ul","jetpack-related-posts":[],"jetpack_sharing_enabled":true,"_links":{"self":[{"href":"https:\/\/www.granadablogs.com\/juezcalatayud\/wp-json\/wp\/v2\/posts\/13413","targetHints":{"allow":["GET"]}}],"collection":[{"href":"https:\/\/www.granadablogs.com\/juezcalatayud\/wp-json\/wp\/v2\/posts"}],"about":[{"href":"https:\/\/www.granadablogs.com\/juezcalatayud\/wp-json\/wp\/v2\/types\/post"}],"author":[{"embeddable":true,"href":"https:\/\/www.granadablogs.com\/juezcalatayud\/wp-json\/wp\/v2\/users\/2"}],"replies":[{"embeddable":true,"href":"https:\/\/www.granadablogs.com\/juezcalatayud\/wp-json\/wp\/v2\/comments?post=13413"}],"version-history":[{"count":5,"href":"https:\/\/www.granadablogs.com\/juezcalatayud\/wp-json\/wp\/v2\/posts\/13413\/revisions"}],"predecessor-version":[{"id":13418,"href":"https:\/\/www.granadablogs.com\/juezcalatayud\/wp-json\/wp\/v2\/posts\/13413\/revisions\/13418"}],"wp:attachment":[{"href":"https:\/\/www.granadablogs.com\/juezcalatayud\/wp-json\/wp\/v2\/media?parent=13413"}],"wp:term":[{"taxonomy":"category","embeddable":true,"href":"https:\/\/www.granadablogs.com\/juezcalatayud\/wp-json\/wp\/v2\/categories?post=13413"},{"taxonomy":"post_tag","embeddable":true,"href":"https:\/\/www.granadablogs.com\/juezcalatayud\/wp-json\/wp\/v2\/tags?post=13413"}],"curies":[{"name":"wp","href":"https:\/\/api.w.org\/{rel}","templated":true}]}}