{"id":13269,"date":"2020-08-06T19:44:42","date_gmt":"2020-08-06T17:44:42","guid":{"rendered":"https:\/\/www.granadablogs.com\/juezcalatayud\/?p=13269"},"modified":"2020-08-06T19:44:42","modified_gmt":"2020-08-06T17:44:42","slug":"don-emilio-fui-una-de-las-ninas-que-llevo-la-cola-de-vestido-de-novia-de-su-mujer-en-su-boda","status":"publish","type":"post","link":"https:\/\/www.granadablogs.com\/juezcalatayud\/2020\/08\/don-emilio-fui-una-de-las-ninas-que-llevo-la-cola-de-vestido-de-novia-de-su-mujer-en-su-boda\/","title":{"rendered":"\u00abDon Emilio, fui una de las ni\u00f1as que llev\u00f3 la cola de vestido de novia de su mujer en su boda\u00bb"},"content":{"rendered":"<p>&nbsp;<\/p>\n<figure id=\"attachment_8951\" aria-describedby=\"caption-attachment-8951\" style=\"width: 624px\" class=\"wp-caption aligncenter\"><img loading=\"lazy\" decoding=\"async\" class=\"wp-image-8951 size-full\" src=\"https:\/\/www.granadablogs.com\/juezcalatayud\/wp-content\/uploads\/2018\/08\/Emil.jpeg\" alt=\"\" width=\"624\" height=\"624\" \/><figcaption id=\"caption-attachment-8951\" class=\"wp-caption-text\">ideal.es<\/figcaption><\/figure>\n<p>Buenas, soy Emilio Calatayud. A veces llegan mensajes a trav\u00e9s de las redes sociales que te reconcilian con el mundo y que te recuerdan que las nuevas tecnolog\u00edas tambi\u00e9n sirven para transportar cari\u00f1o y emoci\u00f3n. El pr\u00f3ximo d\u00eda 25 de este mes har\u00e1 nueve a\u00f1os que falleci\u00f3 Azucena, mi mujer y la madre de mis dos hijos. Pues bien, me ha escrito Reyes para contarme que tuvo un papel importante el d\u00eda de mi boda. Importante y precioso. Y me ha conmovido.<\/p>\n<p>\u00abEstoy visitando a mis padres estos d\u00edas y, rebuscando en los tesoros de mi infancia, encontr\u00e9 un vestido y una foto que me trajo muy buenos recuerdos. Yo fui una de las ni\u00f1as que ayud\u00f3 a llevar la cola del vestido de novia en su boda con Azucena\u00ed. Encontr\u00e9 el vestido casi 40 a\u00f1os m\u00e1s tarde y ahora mis nenas juegan a princesas con \u00e9l entre risas y aventuras que les cuento. Quer\u00eda compartir esta an\u00e9cdota para alegrarle el d\u00eda y sacarle una sonrisa por los viejos tiempos\u00bb.<\/p>\n<p>Has logrado las dos cosas Reyes.<\/p>\n","protected":false},"excerpt":{"rendered":"<p>&nbsp; Buenas, soy Emilio Calatayud. A veces llegan mensajes a trav\u00e9s de las redes sociales que te reconcilian con el mundo y que te recuerdan que las nuevas tecnolog\u00edas tambi\u00e9n sirven para transportar cari\u00f1o y emoci\u00f3n. El pr\u00f3ximo d\u00eda 25 de este mes har\u00e1 nueve a\u00f1os que falleci\u00f3 Azucena, mi mujer y la madre de [&hellip;]<\/p>\n","protected":false},"author":2,"featured_media":0,"comment_status":"open","ping_status":"open","sticky":false,"template":"","format":"standard","meta":{"jetpack_post_was_ever_published":false,"_jetpack_newsletter_access":"","_jetpack_dont_email_post_to_subs":false,"_jetpack_newsletter_tier_id":0,"_jetpack_memberships_contains_paywalled_content":false,"_jetpack_memberships_contains_paid_content":false,"footnotes":""},"categories":[1],"tags":[2416,522],"class_list":["post-13269","post","type-post","status-publish","format-standard","hentry","category-blog","tag-boda","tag-juez"],"jetpack_featured_media_url":"","jetpack_shortlink":"https:\/\/wp.me\/p5fzW5-3s1","jetpack-related-posts":[],"jetpack_sharing_enabled":true,"_links":{"self":[{"href":"https:\/\/www.granadablogs.com\/juezcalatayud\/wp-json\/wp\/v2\/posts\/13269","targetHints":{"allow":["GET"]}}],"collection":[{"href":"https:\/\/www.granadablogs.com\/juezcalatayud\/wp-json\/wp\/v2\/posts"}],"about":[{"href":"https:\/\/www.granadablogs.com\/juezcalatayud\/wp-json\/wp\/v2\/types\/post"}],"author":[{"embeddable":true,"href":"https:\/\/www.granadablogs.com\/juezcalatayud\/wp-json\/wp\/v2\/users\/2"}],"replies":[{"embeddable":true,"href":"https:\/\/www.granadablogs.com\/juezcalatayud\/wp-json\/wp\/v2\/comments?post=13269"}],"version-history":[{"count":3,"href":"https:\/\/www.granadablogs.com\/juezcalatayud\/wp-json\/wp\/v2\/posts\/13269\/revisions"}],"predecessor-version":[{"id":13272,"href":"https:\/\/www.granadablogs.com\/juezcalatayud\/wp-json\/wp\/v2\/posts\/13269\/revisions\/13272"}],"wp:attachment":[{"href":"https:\/\/www.granadablogs.com\/juezcalatayud\/wp-json\/wp\/v2\/media?parent=13269"}],"wp:term":[{"taxonomy":"category","embeddable":true,"href":"https:\/\/www.granadablogs.com\/juezcalatayud\/wp-json\/wp\/v2\/categories?post=13269"},{"taxonomy":"post_tag","embeddable":true,"href":"https:\/\/www.granadablogs.com\/juezcalatayud\/wp-json\/wp\/v2\/tags?post=13269"}],"curies":[{"name":"wp","href":"https:\/\/api.w.org\/{rel}","templated":true}]}}