{"id":13263,"date":"2020-08-04T19:57:55","date_gmt":"2020-08-04T17:57:55","guid":{"rendered":"https:\/\/www.granadablogs.com\/juezcalatayud\/?p=13263"},"modified":"2020-08-04T19:57:55","modified_gmt":"2020-08-04T17:57:55","slug":"vale-la-mili-no-pero-por-que-no-una-asignatura-desde-primaria-para-saber-actuar-en-una-pandemia","status":"publish","type":"post","link":"https:\/\/www.granadablogs.com\/juezcalatayud\/2020\/08\/vale-la-mili-no-pero-por-que-no-una-asignatura-desde-primaria-para-saber-actuar-en-una-pandemia\/","title":{"rendered":"Vale, la &#8216;mili&#8217; no, \u00bfpero por qu\u00e9 no una asignatura desde Primaria para saber actuar en una pandemia?"},"content":{"rendered":"<p>&nbsp;<\/p>\n<figure id=\"attachment_12688\" aria-describedby=\"caption-attachment-12688\" style=\"width: 644px\" class=\"wp-caption aligncenter\"><img loading=\"lazy\" decoding=\"async\" class=\"wp-image-12688 size-large\" src=\"https:\/\/www.granadablogs.com\/juezcalatayud\/wp-content\/uploads\/2020\/05\/EMILIO-644x429.jpg\" alt=\"\" width=\"644\" height=\"429\" srcset=\"https:\/\/www.granadablogs.com\/juezcalatayud\/wp-content\/uploads\/2020\/05\/EMILIO-644x429.jpg 644w, https:\/\/www.granadablogs.com\/juezcalatayud\/wp-content\/uploads\/2020\/05\/EMILIO-300x200.jpg 300w, https:\/\/www.granadablogs.com\/juezcalatayud\/wp-content\/uploads\/2020\/05\/EMILIO-768x512.jpg 768w, https:\/\/www.granadablogs.com\/juezcalatayud\/wp-content\/uploads\/2020\/05\/EMILIO.jpg 800w\" sizes=\"auto, (max-width: 644px) 100vw, 644px\" \/><figcaption id=\"caption-attachment-12688\" class=\"wp-caption-text\">FOTO: PEPE MARIN<\/figcaption><\/figure>\n<p>Buenas, soy Emilio Calatayud. Mi opci\u00f3n favorita ser\u00eda recuperar un mes de &#8216;mili&#8217; para formar a todos y todas en la lucha contra una pandemia o cualquier otra cat\u00e1strofe, pero reconozco que no es un proyecto f\u00e1cil de llevar a cabo. Habr\u00eda que cambiar leyes, mentalidades, etc.<\/p>\n<p>Pero lo que s\u00ed es factible es crear una asignatura para que los ni\u00f1os aprendan desde Primaria a saber c\u00f3mo actuar en una pandemia. Deber\u00eda impartirse durante toda la educaci\u00f3n obligatoria y no habr\u00eda que esperar m\u00e1s para implantarla (tambi\u00e9n se podr\u00edan abordar otro tipo de emergencias). El mundo ha demostrado que va m\u00e1s r\u00e1pido que nosotros. Y nos pilla, claro.<\/p>\n","protected":false},"excerpt":{"rendered":"<p>&nbsp; Buenas, soy Emilio Calatayud. Mi opci\u00f3n favorita ser\u00eda recuperar un mes de &#8216;mili&#8217; para formar a todos y todas en la lucha contra una pandemia o cualquier otra cat\u00e1strofe, pero reconozco que no es un proyecto f\u00e1cil de llevar a cabo. Habr\u00eda que cambiar leyes, mentalidades, etc. Pero lo que s\u00ed es factible es [&hellip;]<\/p>\n","protected":false},"author":2,"featured_media":0,"comment_status":"open","ping_status":"open","sticky":false,"template":"","format":"standard","meta":{"jetpack_post_was_ever_published":false,"_jetpack_newsletter_access":"","_jetpack_dont_email_post_to_subs":false,"_jetpack_newsletter_tier_id":0,"_jetpack_memberships_contains_paywalled_content":false,"_jetpack_memberships_contains_paid_content":false,"footnotes":""},"categories":[1],"tags":[647,2612],"class_list":["post-13263","post","type-post","status-publish","format-standard","hentry","category-blog","tag-asignatura","tag-pandemia"],"jetpack_featured_media_url":"","jetpack_shortlink":"https:\/\/wp.me\/p5fzW5-3rV","jetpack-related-posts":[],"jetpack_sharing_enabled":true,"_links":{"self":[{"href":"https:\/\/www.granadablogs.com\/juezcalatayud\/wp-json\/wp\/v2\/posts\/13263","targetHints":{"allow":["GET"]}}],"collection":[{"href":"https:\/\/www.granadablogs.com\/juezcalatayud\/wp-json\/wp\/v2\/posts"}],"about":[{"href":"https:\/\/www.granadablogs.com\/juezcalatayud\/wp-json\/wp\/v2\/types\/post"}],"author":[{"embeddable":true,"href":"https:\/\/www.granadablogs.com\/juezcalatayud\/wp-json\/wp\/v2\/users\/2"}],"replies":[{"embeddable":true,"href":"https:\/\/www.granadablogs.com\/juezcalatayud\/wp-json\/wp\/v2\/comments?post=13263"}],"version-history":[{"count":2,"href":"https:\/\/www.granadablogs.com\/juezcalatayud\/wp-json\/wp\/v2\/posts\/13263\/revisions"}],"predecessor-version":[{"id":13265,"href":"https:\/\/www.granadablogs.com\/juezcalatayud\/wp-json\/wp\/v2\/posts\/13263\/revisions\/13265"}],"wp:attachment":[{"href":"https:\/\/www.granadablogs.com\/juezcalatayud\/wp-json\/wp\/v2\/media?parent=13263"}],"wp:term":[{"taxonomy":"category","embeddable":true,"href":"https:\/\/www.granadablogs.com\/juezcalatayud\/wp-json\/wp\/v2\/categories?post=13263"},{"taxonomy":"post_tag","embeddable":true,"href":"https:\/\/www.granadablogs.com\/juezcalatayud\/wp-json\/wp\/v2\/tags?post=13263"}],"curies":[{"name":"wp","href":"https:\/\/api.w.org\/{rel}","templated":true}]}}