{"id":13214,"date":"2020-07-29T20:14:18","date_gmt":"2020-07-29T18:14:18","guid":{"rendered":"https:\/\/www.granadablogs.com\/juezcalatayud\/?p=13214"},"modified":"2020-07-29T20:20:07","modified_gmt":"2020-07-29T18:20:07","slug":"en-lo-unico-en-que-estan-de-acuerdo-todos-los-politicos-es-en-prohibir-el-botellon-algo-es-algo","status":"publish","type":"post","link":"https:\/\/www.granadablogs.com\/juezcalatayud\/2020\/07\/en-lo-unico-en-que-estan-de-acuerdo-todos-los-politicos-es-en-prohibir-el-botellon-algo-es-algo\/","title":{"rendered":"En lo \u00fanico en que est\u00e1n de acuerdo todos los pol\u00edticos es en prohibir el botell\u00f3n, algo es algo"},"content":{"rendered":"<p>&nbsp;<\/p>\n<figure id=\"attachment_13210\" aria-describedby=\"caption-attachment-13210\" style=\"width: 644px\" class=\"wp-caption aligncenter\"><img loading=\"lazy\" decoding=\"async\" class=\"wp-image-13210 size-large\" src=\"https:\/\/www.granadablogs.com\/juezcalatayud\/wp-content\/uploads\/2020\/07\/Emil-nueva-1-644x429.jpg\" alt=\"\" width=\"644\" height=\"429\" srcset=\"https:\/\/www.granadablogs.com\/juezcalatayud\/wp-content\/uploads\/2020\/07\/Emil-nueva-1-644x429.jpg 644w, https:\/\/www.granadablogs.com\/juezcalatayud\/wp-content\/uploads\/2020\/07\/Emil-nueva-1-300x200.jpg 300w, https:\/\/www.granadablogs.com\/juezcalatayud\/wp-content\/uploads\/2020\/07\/Emil-nueva-1-768x512.jpg 768w\" sizes=\"auto, (max-width: 644px) 100vw, 644px\" \/><figcaption id=\"caption-attachment-13210\" class=\"wp-caption-text\">FOTO: PEPE MAR\u00cdN<\/figcaption><\/figure>\n<p>Buenas, soy Emilio Calatayud. Me acuerdo ahora de Luis Portero, el que fuera fiscal jefe de Andaluc\u00eda y que fue asesinado por ETA en Granada. \u00c9l luch\u00f3 a brazo partido contra el botell\u00f3n y, un servidor, modestamente, tambi\u00e9n hizo lo que pudo. Hace tantos a\u00f1os ya que empec\u00e9 a denunciar los peligros del botell\u00f3n que ya no me acuerdo cuando fue la primera vez que pronunci\u00e9 esa palabra. Granada fue la capital nacional del botell\u00f3n durante demasiado tiempo. Era una verg\u00fcenza y decirlo era impopular, no era pol\u00edticamente correcto o yo qu\u00e9 s\u00e9.<\/p>\n<p>Bueno, pues ha llegado el &#8216;bicho&#8217; y todos nuestros pol\u00edticos se han puesto de acuerdo (eso s\u00ed, tarde, como siempre) en prohibir el botell\u00f3n. Y lo han hecho en todas las lenguas cooficiales de Espa\u00f1a: euskera, catal\u00e1n&#8230; Nunca se vio tanta unanimidad. Creo que es en lo \u00fanico que se han puesto de acuerdo. Algo es algo.<\/p>\n","protected":false},"excerpt":{"rendered":"<p>&nbsp; Buenas, soy Emilio Calatayud. Me acuerdo ahora de Luis Portero, el que fuera fiscal jefe de Andaluc\u00eda y que fue asesinado por ETA en Granada. \u00c9l luch\u00f3 a brazo partido contra el botell\u00f3n y, un servidor, modestamente, tambi\u00e9n hizo lo que pudo. Hace tantos a\u00f1os ya que empec\u00e9 a denunciar los peligros del botell\u00f3n [&hellip;]<\/p>\n","protected":false},"author":2,"featured_media":0,"comment_status":"open","ping_status":"open","sticky":false,"template":"","format":"standard","meta":{"jetpack_post_was_ever_published":false,"_jetpack_newsletter_access":"","_jetpack_dont_email_post_to_subs":false,"_jetpack_newsletter_tier_id":0,"_jetpack_memberships_contains_paywalled_content":false,"_jetpack_memberships_contains_paid_content":false,"footnotes":""},"categories":[1],"tags":[],"class_list":["post-13214","post","type-post","status-publish","format-standard","hentry","category-blog"],"jetpack_featured_media_url":"","jetpack_shortlink":"https:\/\/wp.me\/p5fzW5-3r8","jetpack-related-posts":[],"jetpack_sharing_enabled":true,"_links":{"self":[{"href":"https:\/\/www.granadablogs.com\/juezcalatayud\/wp-json\/wp\/v2\/posts\/13214","targetHints":{"allow":["GET"]}}],"collection":[{"href":"https:\/\/www.granadablogs.com\/juezcalatayud\/wp-json\/wp\/v2\/posts"}],"about":[{"href":"https:\/\/www.granadablogs.com\/juezcalatayud\/wp-json\/wp\/v2\/types\/post"}],"author":[{"embeddable":true,"href":"https:\/\/www.granadablogs.com\/juezcalatayud\/wp-json\/wp\/v2\/users\/2"}],"replies":[{"embeddable":true,"href":"https:\/\/www.granadablogs.com\/juezcalatayud\/wp-json\/wp\/v2\/comments?post=13214"}],"version-history":[{"count":3,"href":"https:\/\/www.granadablogs.com\/juezcalatayud\/wp-json\/wp\/v2\/posts\/13214\/revisions"}],"predecessor-version":[{"id":13217,"href":"https:\/\/www.granadablogs.com\/juezcalatayud\/wp-json\/wp\/v2\/posts\/13214\/revisions\/13217"}],"wp:attachment":[{"href":"https:\/\/www.granadablogs.com\/juezcalatayud\/wp-json\/wp\/v2\/media?parent=13214"}],"wp:term":[{"taxonomy":"category","embeddable":true,"href":"https:\/\/www.granadablogs.com\/juezcalatayud\/wp-json\/wp\/v2\/categories?post=13214"},{"taxonomy":"post_tag","embeddable":true,"href":"https:\/\/www.granadablogs.com\/juezcalatayud\/wp-json\/wp\/v2\/tags?post=13214"}],"curies":[{"name":"wp","href":"https:\/\/api.w.org\/{rel}","templated":true}]}}