{"id":13128,"date":"2020-07-14T20:15:12","date_gmt":"2020-07-14T18:15:12","guid":{"rendered":"https:\/\/www.granadablogs.com\/juezcalatayud\/?p=13128"},"modified":"2020-07-14T20:15:12","modified_gmt":"2020-07-14T18:15:12","slug":"palabra-de-maestro-no-puedes-educar-a-un-chaval-si-no-sabes-donde-vive-como-vive-los-problemas-de-los-padres","status":"publish","type":"post","link":"https:\/\/www.granadablogs.com\/juezcalatayud\/2020\/07\/palabra-de-maestro-no-puedes-educar-a-un-chaval-si-no-sabes-donde-vive-como-vive-los-problemas-de-los-padres\/","title":{"rendered":"Palabra de maestro: \u00abNo puedes educar a un chaval si no sabes d\u00f3nde vive, c\u00f3mo vive, los problemas de los padres&#8230;\u00bb"},"content":{"rendered":"<p>&nbsp;<\/p>\n<figure id=\"attachment_9609\" aria-describedby=\"caption-attachment-9609\" style=\"width: 644px\" class=\"wp-caption aligncenter\"><img loading=\"lazy\" decoding=\"async\" class=\"wp-image-9609 size-large\" src=\"https:\/\/www.granadablogs.com\/juezcalatayud\/wp-content\/uploads\/2018\/11\/juez_antes-644x429.jpg\" alt=\"\" width=\"644\" height=\"429\" srcset=\"https:\/\/www.granadablogs.com\/juezcalatayud\/wp-content\/uploads\/2018\/11\/juez_antes-644x429.jpg 644w, https:\/\/www.granadablogs.com\/juezcalatayud\/wp-content\/uploads\/2018\/11\/juez_antes-300x200.jpg 300w, https:\/\/www.granadablogs.com\/juezcalatayud\/wp-content\/uploads\/2018\/11\/juez_antes-768x512.jpg 768w\" sizes=\"auto, (max-width: 644px) 100vw, 644px\" \/><figcaption id=\"caption-attachment-9609\" class=\"wp-caption-text\">. Foto: Ram\u00f3n L. P\u00e9rez<\/figcaption><\/figure>\n<p>Buenas, soy Emilio Calatayud. \u00abNo puedes educar a un chaval si no sabes d\u00f3nde vive, c\u00f3mo vive, los problemas de sus padres&#8230;\u00bb La afirmaci\u00f3n es de Miguel Gonz\u00e1lez, un\u00a0maestro ya retirado y que ha trabajado toda su vida en los barrios m\u00e1s deprimidos de Granada. No puedo estar m\u00e1s de acuerdo con esa reflexi\u00f3n. Y a\u00f1ado: No puedes juzgar a un chaval si no sabes d\u00f3nde vive, c\u00f3mo vive, los problemas de sus padres&#8230; No es buenismo, es justicia&#8230; y educaci\u00f3n.<\/p>\n","protected":false},"excerpt":{"rendered":"<p>&nbsp; Buenas, soy Emilio Calatayud. \u00abNo puedes educar a un chaval si no sabes d\u00f3nde vive, c\u00f3mo vive, los problemas de sus padres&#8230;\u00bb La afirmaci\u00f3n es de Miguel Gonz\u00e1lez, un\u00a0maestro ya retirado y que ha trabajado toda su vida en los barrios m\u00e1s deprimidos de Granada. No puedo estar m\u00e1s de acuerdo con esa reflexi\u00f3n. [&hellip;]<\/p>\n","protected":false},"author":2,"featured_media":0,"comment_status":"open","ping_status":"open","sticky":false,"template":"","format":"standard","meta":{"jetpack_post_was_ever_published":false,"_jetpack_newsletter_access":"","_jetpack_dont_email_post_to_subs":false,"_jetpack_newsletter_tier_id":0,"_jetpack_memberships_contains_paywalled_content":false,"_jetpack_memberships_contains_paid_content":false,"footnotes":""},"categories":[1],"tags":[1789,332],"class_list":["post-13128","post","type-post","status-publish","format-standard","hentry","category-blog","tag-chavales","tag-educar"],"jetpack_featured_media_url":"","jetpack_shortlink":"https:\/\/wp.me\/p5fzW5-3pK","jetpack-related-posts":[],"jetpack_sharing_enabled":true,"_links":{"self":[{"href":"https:\/\/www.granadablogs.com\/juezcalatayud\/wp-json\/wp\/v2\/posts\/13128","targetHints":{"allow":["GET"]}}],"collection":[{"href":"https:\/\/www.granadablogs.com\/juezcalatayud\/wp-json\/wp\/v2\/posts"}],"about":[{"href":"https:\/\/www.granadablogs.com\/juezcalatayud\/wp-json\/wp\/v2\/types\/post"}],"author":[{"embeddable":true,"href":"https:\/\/www.granadablogs.com\/juezcalatayud\/wp-json\/wp\/v2\/users\/2"}],"replies":[{"embeddable":true,"href":"https:\/\/www.granadablogs.com\/juezcalatayud\/wp-json\/wp\/v2\/comments?post=13128"}],"version-history":[{"count":3,"href":"https:\/\/www.granadablogs.com\/juezcalatayud\/wp-json\/wp\/v2\/posts\/13128\/revisions"}],"predecessor-version":[{"id":13132,"href":"https:\/\/www.granadablogs.com\/juezcalatayud\/wp-json\/wp\/v2\/posts\/13128\/revisions\/13132"}],"wp:attachment":[{"href":"https:\/\/www.granadablogs.com\/juezcalatayud\/wp-json\/wp\/v2\/media?parent=13128"}],"wp:term":[{"taxonomy":"category","embeddable":true,"href":"https:\/\/www.granadablogs.com\/juezcalatayud\/wp-json\/wp\/v2\/categories?post=13128"},{"taxonomy":"post_tag","embeddable":true,"href":"https:\/\/www.granadablogs.com\/juezcalatayud\/wp-json\/wp\/v2\/tags?post=13128"}],"curies":[{"name":"wp","href":"https:\/\/api.w.org\/{rel}","templated":true}]}}