{"id":12890,"date":"2020-06-09T20:02:05","date_gmt":"2020-06-09T18:02:05","guid":{"rendered":"https:\/\/www.granadablogs.com\/juezcalatayud\/?p=12890"},"modified":"2020-06-09T20:02:05","modified_gmt":"2020-06-09T18:02:05","slug":"a-ver-si-los-constructores-y-arquitectos-dejan-de-hacer-pisos-sin-balcones-aprendamos-del-virus","status":"publish","type":"post","link":"https:\/\/www.granadablogs.com\/juezcalatayud\/2020\/06\/a-ver-si-los-constructores-y-arquitectos-dejan-de-hacer-pisos-sin-balcones-aprendamos-del-virus\/","title":{"rendered":"A ver si los constructores y arquitectos dejan de hacer pisos sin balcones, aprendamos del virus"},"content":{"rendered":"<p>&nbsp;<\/p>\n<figure id=\"attachment_8951\" aria-describedby=\"caption-attachment-8951\" style=\"width: 624px\" class=\"wp-caption aligncenter\"><img loading=\"lazy\" decoding=\"async\" class=\"wp-image-8951 size-full\" src=\"https:\/\/www.granadablogs.com\/juezcalatayud\/wp-content\/uploads\/2018\/08\/Emil.jpeg\" alt=\"\" width=\"624\" height=\"624\" \/><figcaption id=\"caption-attachment-8951\" class=\"wp-caption-text\">ideal.es<\/figcaption><\/figure>\n<p>Buenas, soy Emilio Calatayud. El coronavirus ha sacado lo mejor y lo peor de nosotros. De lo que se trata ahora es de que perdure lo mejor. Veremos. Yo me conformo con que aprendamos del &#8216;bicho&#8217;. En este sentido, estar\u00eda bien que los constructores y los arquitectos dejasen de hacer pisos sin terrazas o balcones. Espero, o m\u00e1s bien deseo, que no tengamos que confinarnos m\u00e1s, pero, por si las moscas, hagan las viviendas con balcones. Y con grandes ventanas por las que entre la luz. Y con patios&#8230; Es que estar encerrado en casas sin terrazas o en las que las ventanas dan a paredes es angustioso. Y si hay una pandemia, pues m\u00e1s.<\/p>\n","protected":false},"excerpt":{"rendered":"<p>&nbsp; Buenas, soy Emilio Calatayud. El coronavirus ha sacado lo mejor y lo peor de nosotros. De lo que se trata ahora es de que perdure lo mejor. Veremos. Yo me conformo con que aprendamos del &#8216;bicho&#8217;. En este sentido, estar\u00eda bien que los constructores y los arquitectos dejasen de hacer pisos sin terrazas o [&hellip;]<\/p>\n","protected":false},"author":2,"featured_media":0,"comment_status":"open","ping_status":"open","sticky":false,"template":"","format":"standard","meta":{"jetpack_post_was_ever_published":false,"_jetpack_newsletter_access":"","_jetpack_dont_email_post_to_subs":false,"_jetpack_newsletter_tier_id":0,"_jetpack_memberships_contains_paywalled_content":false,"_jetpack_memberships_contains_paid_content":false,"footnotes":""},"categories":[1],"tags":[2674,2675,2624],"class_list":["post-12890","post","type-post","status-publish","format-standard","hentry","category-blog","tag-arquitectos","tag-constructores","tag-virus"],"jetpack_featured_media_url":"","jetpack_shortlink":"https:\/\/wp.me\/p5fzW5-3lU","jetpack-related-posts":[],"jetpack_sharing_enabled":true,"_links":{"self":[{"href":"https:\/\/www.granadablogs.com\/juezcalatayud\/wp-json\/wp\/v2\/posts\/12890","targetHints":{"allow":["GET"]}}],"collection":[{"href":"https:\/\/www.granadablogs.com\/juezcalatayud\/wp-json\/wp\/v2\/posts"}],"about":[{"href":"https:\/\/www.granadablogs.com\/juezcalatayud\/wp-json\/wp\/v2\/types\/post"}],"author":[{"embeddable":true,"href":"https:\/\/www.granadablogs.com\/juezcalatayud\/wp-json\/wp\/v2\/users\/2"}],"replies":[{"embeddable":true,"href":"https:\/\/www.granadablogs.com\/juezcalatayud\/wp-json\/wp\/v2\/comments?post=12890"}],"version-history":[{"count":6,"href":"https:\/\/www.granadablogs.com\/juezcalatayud\/wp-json\/wp\/v2\/posts\/12890\/revisions"}],"predecessor-version":[{"id":12896,"href":"https:\/\/www.granadablogs.com\/juezcalatayud\/wp-json\/wp\/v2\/posts\/12890\/revisions\/12896"}],"wp:attachment":[{"href":"https:\/\/www.granadablogs.com\/juezcalatayud\/wp-json\/wp\/v2\/media?parent=12890"}],"wp:term":[{"taxonomy":"category","embeddable":true,"href":"https:\/\/www.granadablogs.com\/juezcalatayud\/wp-json\/wp\/v2\/categories?post=12890"},{"taxonomy":"post_tag","embeddable":true,"href":"https:\/\/www.granadablogs.com\/juezcalatayud\/wp-json\/wp\/v2\/tags?post=12890"}],"curies":[{"name":"wp","href":"https:\/\/api.w.org\/{rel}","templated":true}]}}