{"id":12838,"date":"2020-06-04T20:11:06","date_gmt":"2020-06-04T18:11:06","guid":{"rendered":"https:\/\/www.granadablogs.com\/juezcalatayud\/?p=12838"},"modified":"2020-06-04T20:11:06","modified_gmt":"2020-06-04T18:11:06","slug":"cuando-empezo-la-cuarentena-pedimos-que-no-se-atosigara-a-los-alumnos-ahora-que-no-se-atosigue-a-los-maestros","status":"publish","type":"post","link":"https:\/\/www.granadablogs.com\/juezcalatayud\/2020\/06\/cuando-empezo-la-cuarentena-pedimos-que-no-se-atosigara-a-los-alumnos-ahora-que-no-se-atosigue-a-los-maestros\/","title":{"rendered":"Cuando empez\u00f3 la cuarentena pedimos que no se atosigara a los alumnos, ahora, que no se atosigue a los maestros"},"content":{"rendered":"<p><img loading=\"lazy\" decoding=\"async\" class=\"aligncenter wp-image-9176 size-full\" src=\"https:\/\/www.granadablogs.com\/juezcalatayud\/wp-content\/uploads\/2018\/09\/Corbata.jpg\" alt=\"\" width=\"620\" height=\"349\" srcset=\"https:\/\/www.granadablogs.com\/juezcalatayud\/wp-content\/uploads\/2018\/09\/Corbata.jpg 620w, https:\/\/www.granadablogs.com\/juezcalatayud\/wp-content\/uploads\/2018\/09\/Corbata-300x169.jpg 300w\" sizes=\"auto, (max-width: 620px) 100vw, 620px\" \/><\/p>\n<p>Buenas, soy Emilio Calatayud. Ya est\u00e1n aqu\u00ed los ex\u00e1menes escolares. Todo llega, pero tambi\u00e9n todo pasa. Lo principal es que pase lo mejor posible. Cuando empez\u00f3 el estado de alarma, en este mismo blog dijimos lo siguiente:\u00a0\u00abSe\u00f1os y profes, toda mi admiraci\u00f3n y mi respeto por la gran labor que realiz\u00e1is. Sois y ser\u00e9is imprescindibles cuando esto pase, pero ahora, por favor, \u00a1ojo con el exceso de deberes! Los ni\u00f1os ya tienen bastante con el deber de luchar contra el coronavirus y lo est\u00e1n haciendo muy bien\u00bb.<\/p>\n<p>Pues bien, ahora pedimos el mismo trato para los maestros, las se\u00f1os y los profes. Como digo, est\u00e1n con los ex\u00e1menes y reciben presiones de los alumnos, de los padres de los alumnos, de los directores de los centros, de los inspectores de Educaci\u00f3n, de la Delegaci\u00f3n de Educaci\u00f3n, de la Consejer\u00eda de Educaci\u00f3n, del Ministerio y hasta del mando \u00fanico y puede que incluso del comit\u00e9 de expertos. Que si quiero m\u00e1s nota, que si mi hijo ha estudiado mucho, que si hay que sacar una media de no se qu\u00e9, que si mi ni\u00f1o es el \u00fanico que no ha copiado, que si quiero una estad\u00edstica de tal y cual, que si&#8230;<\/p>\n<p>Un poquito de por favor. No atosiguemos a los maestros y que Dios os ampare.<\/p>\n","protected":false},"excerpt":{"rendered":"<p>Buenas, soy Emilio Calatayud. Ya est\u00e1n aqu\u00ed los ex\u00e1menes escolares. Todo llega, pero tambi\u00e9n todo pasa. Lo principal es que pase lo mejor posible. Cuando empez\u00f3 el estado de alarma, en este mismo blog dijimos lo siguiente:\u00a0\u00abSe\u00f1os y profes, toda mi admiraci\u00f3n y mi respeto por la gran labor que realiz\u00e1is. Sois y ser\u00e9is imprescindibles [&hellip;]<\/p>\n","protected":false},"author":2,"featured_media":0,"comment_status":"open","ping_status":"open","sticky":false,"template":"","format":"standard","meta":{"jetpack_post_was_ever_published":false,"_jetpack_newsletter_access":"","_jetpack_dont_email_post_to_subs":false,"_jetpack_newsletter_tier_id":0,"_jetpack_memberships_contains_paywalled_content":false,"_jetpack_memberships_contains_paid_content":false,"footnotes":""},"categories":[1],"tags":[2670,81],"class_list":["post-12838","post","type-post","status-publish","format-standard","hentry","category-blog","tag-atosigar","tag-maestros"],"jetpack_featured_media_url":"","jetpack_shortlink":"https:\/\/wp.me\/p5fzW5-3l4","jetpack-related-posts":[],"jetpack_sharing_enabled":true,"_links":{"self":[{"href":"https:\/\/www.granadablogs.com\/juezcalatayud\/wp-json\/wp\/v2\/posts\/12838","targetHints":{"allow":["GET"]}}],"collection":[{"href":"https:\/\/www.granadablogs.com\/juezcalatayud\/wp-json\/wp\/v2\/posts"}],"about":[{"href":"https:\/\/www.granadablogs.com\/juezcalatayud\/wp-json\/wp\/v2\/types\/post"}],"author":[{"embeddable":true,"href":"https:\/\/www.granadablogs.com\/juezcalatayud\/wp-json\/wp\/v2\/users\/2"}],"replies":[{"embeddable":true,"href":"https:\/\/www.granadablogs.com\/juezcalatayud\/wp-json\/wp\/v2\/comments?post=12838"}],"version-history":[{"count":8,"href":"https:\/\/www.granadablogs.com\/juezcalatayud\/wp-json\/wp\/v2\/posts\/12838\/revisions"}],"predecessor-version":[{"id":12848,"href":"https:\/\/www.granadablogs.com\/juezcalatayud\/wp-json\/wp\/v2\/posts\/12838\/revisions\/12848"}],"wp:attachment":[{"href":"https:\/\/www.granadablogs.com\/juezcalatayud\/wp-json\/wp\/v2\/media?parent=12838"}],"wp:term":[{"taxonomy":"category","embeddable":true,"href":"https:\/\/www.granadablogs.com\/juezcalatayud\/wp-json\/wp\/v2\/categories?post=12838"},{"taxonomy":"post_tag","embeddable":true,"href":"https:\/\/www.granadablogs.com\/juezcalatayud\/wp-json\/wp\/v2\/tags?post=12838"}],"curies":[{"name":"wp","href":"https:\/\/api.w.org\/{rel}","templated":true}]}}