{"id":12770,"date":"2020-05-24T21:38:30","date_gmt":"2020-05-24T19:38:30","guid":{"rendered":"https:\/\/www.granadablogs.com\/juezcalatayud\/?p=12770"},"modified":"2020-05-24T21:38:30","modified_gmt":"2020-05-24T19:38:30","slug":"el-juez-se-compromete-a-dejar-de-fumar-en-la-cope-comprendo-bien-a-los-drogatas-porque-soy-un-drogata-del-tabaco","status":"publish","type":"post","link":"https:\/\/www.granadablogs.com\/juezcalatayud\/2020\/05\/el-juez-se-compromete-a-dejar-de-fumar-en-la-cope-comprendo-bien-a-los-drogatas-porque-soy-un-drogata-del-tabaco\/","title":{"rendered":"El juez se compromete a dejar de fumar en la Cope: \u00abComprendo bien a los drogatas, porque soy un drogata del tabaco\u00bb"},"content":{"rendered":"<p>&nbsp;<\/p>\n<figure id=\"attachment_10129\" aria-describedby=\"caption-attachment-10129\" style=\"width: 644px\" class=\"wp-caption aligncenter\"><img loading=\"lazy\" decoding=\"async\" class=\"wp-image-10129 size-large\" src=\"https:\/\/www.granadablogs.com\/juezcalatayud\/wp-content\/uploads\/2019\/02\/Emil-644x430.jpg\" alt=\"\" width=\"644\" height=\"430\" srcset=\"https:\/\/www.granadablogs.com\/juezcalatayud\/wp-content\/uploads\/2019\/02\/Emil-644x430.jpg 644w, https:\/\/www.granadablogs.com\/juezcalatayud\/wp-content\/uploads\/2019\/02\/Emil-300x200.jpg 300w, https:\/\/www.granadablogs.com\/juezcalatayud\/wp-content\/uploads\/2019\/02\/Emil-768x513.jpg 768w\" sizes=\"auto, (max-width: 644px) 100vw, 644px\" \/><figcaption id=\"caption-attachment-10129\" class=\"wp-caption-text\">Foto: Efe<\/figcaption><\/figure>\n<p>Hola, soy Carlos Mor\u00e1n. Don Emilio ha vuelto a participar en el programa de la Cope que presenta\u00a0Cristina L\u00f3pez Schlichtin. Durante su intervenci\u00f3n, el juez, fumador empedernido desde la infancia, se ha comprometido a dejar el tabaco. Incluso ha puesto fecha al &#8216;desenganche&#8217;: El 1 de junio. No es la primera vez que lo intenta. Don Emilio hace bueno aquello que dijo alguien: \u00abDejar de fumar es muy f\u00e1cil, yo lo he hecho cientos de veces\u00bb. El caso es que esta ha sido su confesi\u00f3n ante la audiencia: \u00abComprendo bien\u00a0 los drogatas, porque yo soy un drogata del tabaco. Pero ya he empezado a desintoxicarme\u00bb.<\/p>\n<p>Si hay por ah\u00ed exadictos, animadle, porque tiene que dejarlo. Su mala salud de hierro se lo agradecer\u00e1.<\/p>\n<p>Aqu\u00ed est\u00e1 su intervenci\u00f3n completa:<\/p>\n<p><a href=\"https:\/\/www.cope.es\/programas\/fin-de-semana\/noticias\/emilio-calatayud-que-los-padres-denuncien-sus-hijos-consumen-droga-podemos-ayudarlos-20200524_732941\">https:\/\/www.cope.es\/programas\/fin-de-semana\/noticias\/emilio-calatayud-que-los-padres-denuncien-sus-hijos-consumen-droga-podemos-ayudarlos-20200524_732941<\/a><\/p>\n<p>&nbsp;<\/p>\n","protected":false},"excerpt":{"rendered":"<p>&nbsp; Hola, soy Carlos Mor\u00e1n. Don Emilio ha vuelto a participar en el programa de la Cope que presenta\u00a0Cristina L\u00f3pez Schlichtin. Durante su intervenci\u00f3n, el juez, fumador empedernido desde la infancia, se ha comprometido a dejar el tabaco. Incluso ha puesto fecha al &#8216;desenganche&#8217;: El 1 de junio. No es la primera vez que lo [&hellip;]<\/p>\n","protected":false},"author":3,"featured_media":0,"comment_status":"open","ping_status":"open","sticky":false,"template":"","format":"standard","meta":{"jetpack_post_was_ever_published":false,"_jetpack_newsletter_access":"","_jetpack_dont_email_post_to_subs":false,"_jetpack_newsletter_tier_id":0,"_jetpack_memberships_contains_paywalled_content":false,"_jetpack_memberships_contains_paid_content":false,"footnotes":""},"categories":[1],"tags":[2663,2662],"class_list":["post-12770","post","type-post","status-publish","format-standard","hentry","category-blog","tag-de-fumar","tag-dejar"],"jetpack_featured_media_url":"","jetpack_shortlink":"https:\/\/wp.me\/p5fzW5-3jY","jetpack-related-posts":[],"jetpack_sharing_enabled":true,"_links":{"self":[{"href":"https:\/\/www.granadablogs.com\/juezcalatayud\/wp-json\/wp\/v2\/posts\/12770","targetHints":{"allow":["GET"]}}],"collection":[{"href":"https:\/\/www.granadablogs.com\/juezcalatayud\/wp-json\/wp\/v2\/posts"}],"about":[{"href":"https:\/\/www.granadablogs.com\/juezcalatayud\/wp-json\/wp\/v2\/types\/post"}],"author":[{"embeddable":true,"href":"https:\/\/www.granadablogs.com\/juezcalatayud\/wp-json\/wp\/v2\/users\/3"}],"replies":[{"embeddable":true,"href":"https:\/\/www.granadablogs.com\/juezcalatayud\/wp-json\/wp\/v2\/comments?post=12770"}],"version-history":[{"count":3,"href":"https:\/\/www.granadablogs.com\/juezcalatayud\/wp-json\/wp\/v2\/posts\/12770\/revisions"}],"predecessor-version":[{"id":12773,"href":"https:\/\/www.granadablogs.com\/juezcalatayud\/wp-json\/wp\/v2\/posts\/12770\/revisions\/12773"}],"wp:attachment":[{"href":"https:\/\/www.granadablogs.com\/juezcalatayud\/wp-json\/wp\/v2\/media?parent=12770"}],"wp:term":[{"taxonomy":"category","embeddable":true,"href":"https:\/\/www.granadablogs.com\/juezcalatayud\/wp-json\/wp\/v2\/categories?post=12770"},{"taxonomy":"post_tag","embeddable":true,"href":"https:\/\/www.granadablogs.com\/juezcalatayud\/wp-json\/wp\/v2\/tags?post=12770"}],"curies":[{"name":"wp","href":"https:\/\/api.w.org\/{rel}","templated":true}]}}