{"id":12623,"date":"2020-05-02T14:11:34","date_gmt":"2020-05-02T12:11:34","guid":{"rendered":"https:\/\/www.granadablogs.com\/juezcalatayud\/?p=12623"},"modified":"2020-05-02T14:11:34","modified_gmt":"2020-05-02T12:11:34","slug":"de-chaval-hice-de-todo-copie-me-escape-de-clase-vamos-que-fui-un-tio-normal","status":"publish","type":"post","link":"https:\/\/www.granadablogs.com\/juezcalatayud\/2020\/05\/de-chaval-hice-de-todo-copie-me-escape-de-clase-vamos-que-fui-un-tio-normal\/","title":{"rendered":"\u00abDe chaval hice de todo: copi\u00e9, me escap\u00e9 de clase&#8230;, vamos, que fui un t\u00edo normal\u00bb"},"content":{"rendered":"<p>&nbsp;<\/p>\n<figure id=\"attachment_10129\" aria-describedby=\"caption-attachment-10129\" style=\"width: 644px\" class=\"wp-caption aligncenter\"><img loading=\"lazy\" decoding=\"async\" class=\"wp-image-10129 size-large\" src=\"https:\/\/www.granadablogs.com\/juezcalatayud\/wp-content\/uploads\/2019\/02\/Emil-644x430.jpg\" alt=\"\" width=\"644\" height=\"430\" srcset=\"https:\/\/www.granadablogs.com\/juezcalatayud\/wp-content\/uploads\/2019\/02\/Emil-644x430.jpg 644w, https:\/\/www.granadablogs.com\/juezcalatayud\/wp-content\/uploads\/2019\/02\/Emil-300x200.jpg 300w, https:\/\/www.granadablogs.com\/juezcalatayud\/wp-content\/uploads\/2019\/02\/Emil-768x513.jpg 768w\" sizes=\"auto, (max-width: 644px) 100vw, 644px\" \/><figcaption id=\"caption-attachment-10129\" class=\"wp-caption-text\">Foto: Efe<\/figcaption><\/figure>\n<p>Hola, soy Carlos Mor\u00e1n. Los diarios del grupo Vocento publican una conversaci\u00f3n que mantuvimos don Emilio y un servidor por v\u00eda telef\u00f3nica (la aclaraci\u00f3n de la metodolog\u00eda utilizada es para evitar posibles multas). Aqu\u00ed van algunas de las respuestas del juez. Esperamos que os interese.<\/p>\n<p><strong>-Usted no ha ocultado nunca que fue un alumno muy malo, pero que esa &#8216;timidez&#8217; para los estudios no le impidi\u00f3 ser juez. Se lo digo porque igual tiene que repetirlo estos d\u00edas ante esa especie de alarma de que &#8216;ay los chavales no me est\u00e1n estudiando como antes del estado de alarma\u2026&#8217;<\/strong><\/p>\n<p>\u00abDe chaval hice de todo: copi\u00e9, me escap\u00e9 de clase&#8230; No hab\u00eda droga, pero hab\u00eda futbolines. Vamos, que fui un t\u00edo normal. Y no fui un buen estudiante. Nunca disfrut\u00e9 estudiando. Que no se preocupen tanto los padres porque los chavales no estudien como antes de la alarma. Hay que reconocer nuestras debilidades. Yo lo hago. No admito la hipocres\u00eda: todos hemos hecho de todo, que no me cuenten milongas. Y he llegado a ser juez. Otros llegan a ser ministros&#8230;\u00bb<\/p>\n<p><strong>Hay chicos que, aunque parezca ciencia ficci\u00f3n, no tienen conexi\u00f3n a internet, \u00bfcree que las aulas virtuales han aumentado la brecha social y educativa entre los j\u00f3venes?<\/strong><\/p>\n<p>-\u00abPor supuesto que s\u00ed. Y no entiendo la postura de Educaci\u00f3n, del ministerio y de las consejer\u00edas: hay muchos chavales que no tienen internet. Pero esos chavales, dentro de su pobreza, han sido unos privilegiados: no se han contaminado por tanta mierda que tienen las nuevas tecnolog\u00edas\u00bb.<\/p>\n<p>La entrevista completa est\u00e1 aqu\u00ed:<\/p>\n<p><a href=\"https:\/\/www.ideal.es\/sociedad\/despues-confinamiento-padres-20200502193722-ntrc.html\">https:\/\/www.ideal.es\/sociedad\/despues-confinamiento-padres-20200502193722-ntrc.html<\/a><\/p>\n<p>&nbsp;<\/p>\n","protected":false},"excerpt":{"rendered":"<p>&nbsp; Hola, soy Carlos Mor\u00e1n. Los diarios del grupo Vocento publican una conversaci\u00f3n que mantuvimos don Emilio y un servidor por v\u00eda telef\u00f3nica (la aclaraci\u00f3n de la metodolog\u00eda utilizada es para evitar posibles multas). Aqu\u00ed van algunas de las respuestas del juez. Esperamos que os interese. -Usted no ha ocultado nunca que fue un alumno [&hellip;]<\/p>\n","protected":false},"author":3,"featured_media":0,"comment_status":"open","ping_status":"open","sticky":false,"template":"","format":"standard","meta":{"jetpack_post_was_ever_published":false,"_jetpack_newsletter_access":"","_jetpack_dont_email_post_to_subs":false,"_jetpack_newsletter_tier_id":0,"_jetpack_memberships_contains_paywalled_content":false,"_jetpack_memberships_contains_paid_content":false,"footnotes":""},"categories":[1],"tags":[2086,22,2650],"class_list":["post-12623","post","type-post","status-publish","format-standard","hentry","category-blog","tag-diarios","tag-entrevista","tag-vocento"],"jetpack_featured_media_url":"","jetpack_shortlink":"https:\/\/wp.me\/p5fzW5-3hB","jetpack-related-posts":[],"jetpack_sharing_enabled":true,"_links":{"self":[{"href":"https:\/\/www.granadablogs.com\/juezcalatayud\/wp-json\/wp\/v2\/posts\/12623","targetHints":{"allow":["GET"]}}],"collection":[{"href":"https:\/\/www.granadablogs.com\/juezcalatayud\/wp-json\/wp\/v2\/posts"}],"about":[{"href":"https:\/\/www.granadablogs.com\/juezcalatayud\/wp-json\/wp\/v2\/types\/post"}],"author":[{"embeddable":true,"href":"https:\/\/www.granadablogs.com\/juezcalatayud\/wp-json\/wp\/v2\/users\/3"}],"replies":[{"embeddable":true,"href":"https:\/\/www.granadablogs.com\/juezcalatayud\/wp-json\/wp\/v2\/comments?post=12623"}],"version-history":[{"count":5,"href":"https:\/\/www.granadablogs.com\/juezcalatayud\/wp-json\/wp\/v2\/posts\/12623\/revisions"}],"predecessor-version":[{"id":12628,"href":"https:\/\/www.granadablogs.com\/juezcalatayud\/wp-json\/wp\/v2\/posts\/12623\/revisions\/12628"}],"wp:attachment":[{"href":"https:\/\/www.granadablogs.com\/juezcalatayud\/wp-json\/wp\/v2\/media?parent=12623"}],"wp:term":[{"taxonomy":"category","embeddable":true,"href":"https:\/\/www.granadablogs.com\/juezcalatayud\/wp-json\/wp\/v2\/categories?post=12623"},{"taxonomy":"post_tag","embeddable":true,"href":"https:\/\/www.granadablogs.com\/juezcalatayud\/wp-json\/wp\/v2\/tags?post=12623"}],"curies":[{"name":"wp","href":"https:\/\/api.w.org\/{rel}","templated":true}]}}