{"id":12611,"date":"2020-04-30T13:02:42","date_gmt":"2020-04-30T11:02:42","guid":{"rendered":"https:\/\/www.granadablogs.com\/juezcalatayud\/?p=12611"},"modified":"2020-04-30T13:22:43","modified_gmt":"2020-04-30T11:22:43","slug":"cedamos-el-sabado-a-los-mayores-que-salgan-tranquilos-se-lo-debemos-nosotros-podemos-esperar","status":"publish","type":"post","link":"https:\/\/www.granadablogs.com\/juezcalatayud\/2020\/04\/cedamos-el-sabado-a-los-mayores-que-salgan-tranquilos-se-lo-debemos-nosotros-podemos-esperar\/","title":{"rendered":"Cedamos el s\u00e1bado a los mayores, que salgan tranquilos, se lo debemos, nosotros podemos esperar"},"content":{"rendered":"<p>&nbsp;<\/p>\n<figure id=\"attachment_11798\" aria-describedby=\"caption-attachment-11798\" style=\"width: 644px\" class=\"wp-caption aligncenter\"><img loading=\"lazy\" decoding=\"async\" class=\"wp-image-11798 size-large\" src=\"https:\/\/www.granadablogs.com\/juezcalatayud\/wp-content\/uploads\/2019\/12\/Emilio-nuevas-644x429.jpg\" alt=\"\" width=\"644\" height=\"429\" srcset=\"https:\/\/www.granadablogs.com\/juezcalatayud\/wp-content\/uploads\/2019\/12\/Emilio-nuevas-644x429.jpg 644w, https:\/\/www.granadablogs.com\/juezcalatayud\/wp-content\/uploads\/2019\/12\/Emilio-nuevas-300x200.jpg 300w, https:\/\/www.granadablogs.com\/juezcalatayud\/wp-content\/uploads\/2019\/12\/Emilio-nuevas-768x512.jpg 768w\" sizes=\"auto, (max-width: 644px) 100vw, 644px\" \/><figcaption id=\"caption-attachment-11798\" class=\"wp-caption-text\">Foto: Alfredo Aguilar<\/figcaption><\/figure>\n<p>Hola, soy Carlos Mor\u00e1n. El gesto de ceder el asiento a una persona mayor es un signo de educaci\u00f3n y respeto que, por fortuna, nunca se perdi\u00f3 del todo. Don Emilio propone ahora hacer lo mismo, pero con el desconfinamiento. \u00abCedamos el s\u00e1bado a los mayores, a nuestros abuelos, que salgan tranquilos, se lo debemos. Nosotros podemos esperar. Ser\u00eda un bonito homenaje. Despu\u00e9s de los ni\u00f1os, los abuelos. Se lo pedimos a la sociedad y, por supuesto, a las autoridades. Que sepan cu\u00e1nto les queremos y que somos conscientes de su sacrificio y su sufrimiento\u00bb.<\/p>\n","protected":false},"excerpt":{"rendered":"<p>&nbsp; Hola, soy Carlos Mor\u00e1n. El gesto de ceder el asiento a una persona mayor es un signo de educaci\u00f3n y respeto que, por fortuna, nunca se perdi\u00f3 del todo. Don Emilio propone ahora hacer lo mismo, pero con el desconfinamiento. \u00abCedamos el s\u00e1bado a los mayores, a nuestros abuelos, que salgan tranquilos, se lo [&hellip;]<\/p>\n","protected":false},"author":3,"featured_media":0,"comment_status":"open","ping_status":"open","sticky":false,"template":"","format":"standard","meta":{"jetpack_post_was_ever_published":false,"_jetpack_newsletter_access":"","_jetpack_dont_email_post_to_subs":false,"_jetpack_newsletter_tier_id":0,"_jetpack_memberships_contains_paywalled_content":false,"_jetpack_memberships_contains_paid_content":false,"footnotes":""},"categories":[1],"tags":[1018,2647],"class_list":["post-12611","post","type-post","status-publish","format-standard","hentry","category-blog","tag-abuelos","tag-primero"],"jetpack_featured_media_url":"","jetpack_shortlink":"https:\/\/wp.me\/p5fzW5-3hp","jetpack-related-posts":[],"jetpack_sharing_enabled":true,"_links":{"self":[{"href":"https:\/\/www.granadablogs.com\/juezcalatayud\/wp-json\/wp\/v2\/posts\/12611","targetHints":{"allow":["GET"]}}],"collection":[{"href":"https:\/\/www.granadablogs.com\/juezcalatayud\/wp-json\/wp\/v2\/posts"}],"about":[{"href":"https:\/\/www.granadablogs.com\/juezcalatayud\/wp-json\/wp\/v2\/types\/post"}],"author":[{"embeddable":true,"href":"https:\/\/www.granadablogs.com\/juezcalatayud\/wp-json\/wp\/v2\/users\/3"}],"replies":[{"embeddable":true,"href":"https:\/\/www.granadablogs.com\/juezcalatayud\/wp-json\/wp\/v2\/comments?post=12611"}],"version-history":[{"count":4,"href":"https:\/\/www.granadablogs.com\/juezcalatayud\/wp-json\/wp\/v2\/posts\/12611\/revisions"}],"predecessor-version":[{"id":12615,"href":"https:\/\/www.granadablogs.com\/juezcalatayud\/wp-json\/wp\/v2\/posts\/12611\/revisions\/12615"}],"wp:attachment":[{"href":"https:\/\/www.granadablogs.com\/juezcalatayud\/wp-json\/wp\/v2\/media?parent=12611"}],"wp:term":[{"taxonomy":"category","embeddable":true,"href":"https:\/\/www.granadablogs.com\/juezcalatayud\/wp-json\/wp\/v2\/categories?post=12611"},{"taxonomy":"post_tag","embeddable":true,"href":"https:\/\/www.granadablogs.com\/juezcalatayud\/wp-json\/wp\/v2\/tags?post=12611"}],"curies":[{"name":"wp","href":"https:\/\/api.w.org\/{rel}","templated":true}]}}