{"id":12563,"date":"2020-04-23T17:20:06","date_gmt":"2020-04-23T15:20:06","guid":{"rendered":"https:\/\/www.granadablogs.com\/juezcalatayud\/?p=12563"},"modified":"2020-04-23T17:21:10","modified_gmt":"2020-04-23T15:21:10","slug":"dia-del-libro-una-recomendacion-y-un-deseo-ojala-no-tenga-que-condenar-a-ningun-nino-a-aprender-a-leer","status":"publish","type":"post","link":"https:\/\/www.granadablogs.com\/juezcalatayud\/2020\/04\/dia-del-libro-una-recomendacion-y-un-deseo-ojala-no-tenga-que-condenar-a-ningun-nino-a-aprender-a-leer\/","title":{"rendered":"D\u00eda del Libro, una recomendaci\u00f3n y un deseo: \u00abOjal\u00e1 no tenga que condenar a ning\u00fan ni\u00f1o a aprender a leer\u00bb"},"content":{"rendered":"<p>&nbsp;<\/p>\n<p><img loading=\"lazy\" decoding=\"async\" class=\"aligncenter wp-image-8828 size-large\" src=\"https:\/\/www.granadablogs.com\/juezcalatayud\/wp-content\/uploads\/2018\/07\/Libro-644x362.jpg\" alt=\"\" width=\"644\" height=\"362\" srcset=\"https:\/\/www.granadablogs.com\/juezcalatayud\/wp-content\/uploads\/2018\/07\/Libro.jpg 644w, https:\/\/www.granadablogs.com\/juezcalatayud\/wp-content\/uploads\/2018\/07\/Libro-300x169.jpg 300w\" sizes=\"auto, (max-width: 644px) 100vw, 644px\" \/>Hola, soy Carlos Mor\u00e1n. Hoy celebramos el D\u00eda del Libro (y de San Jorge y de Sant Jordi)\u00a0 y este es el mensaje de don Emilio para conmemorar esta fecha tan se\u00f1alada: \u00abOjal\u00e1 no tenga que condenar a ning\u00fan ni\u00f1o a aprender a leer y escribir&#8230;, pero lo dudo\u00bb.<\/p>\n<p>\u00bfY la recomendaci\u00f3n?: &#8216;Buenas, soy Emilio Calatayud y voy a hablarles de&#8230;&#8217;, publicado por la editorial Alienta-Planeta. Vio la luz en 2014 y ya va por la octava edici\u00f3n, as\u00ed que muchas gracias a los que lo hab\u00e9is comprado y lo hab\u00e9is le\u00eddo (tambi\u00e9n a los que lo hayan utilizado para calzar esa mesa que cojeaba).<\/p>\n<p>Un servidor de ustedes fue el negro que puso en el papel las reflexiones y recuerdos de don Emilio y, antes de escribir este peque\u00f1o comentario, he estado repasando el libro. Como es natural, no hay respuestas para lo que estamos viviendo en estos d\u00edas de clausura y dudas. Pero tambi\u00e9n es verdad que sali\u00f3 en una \u00e9poca en que don Emilio acababa de atravesar una crisis personal por el fallecimiento de Azucena, su mujer, y en que la sociedad estaba sufriendo con toda dureza una colosal depresi\u00f3n econ\u00f3mica. Sin \u00e1nimo de comparar, porque lo de ahora no admite comparaci\u00f3n, pero aquellos tampoco fueron tiempos f\u00e1ciles. Pero al final sali\u00f3 el sol&#8230;<\/p>\n<p>&nbsp;<\/p>\n","protected":false},"excerpt":{"rendered":"<p>&nbsp; Hola, soy Carlos Mor\u00e1n. Hoy celebramos el D\u00eda del Libro (y de San Jorge y de Sant Jordi)\u00a0 y este es el mensaje de don Emilio para conmemorar esta fecha tan se\u00f1alada: \u00abOjal\u00e1 no tenga que condenar a ning\u00fan ni\u00f1o a aprender a leer y escribir&#8230;, pero lo dudo\u00bb. \u00bfY la recomendaci\u00f3n?: &#8216;Buenas, soy [&hellip;]<\/p>\n","protected":false},"author":3,"featured_media":0,"comment_status":"open","ping_status":"open","sticky":false,"template":"","format":"standard","meta":{"jetpack_post_was_ever_published":false,"_jetpack_newsletter_access":"","_jetpack_dont_email_post_to_subs":false,"_jetpack_newsletter_tier_id":0,"_jetpack_memberships_contains_paywalled_content":false,"_jetpack_memberships_contains_paid_content":false,"footnotes":""},"categories":[1],"tags":[938,624,109],"class_list":["post-12563","post","type-post","status-publish","format-standard","hentry","category-blog","tag-del","tag-dia","tag-libro"],"jetpack_featured_media_url":"","jetpack_shortlink":"https:\/\/wp.me\/p5fzW5-3gD","jetpack-related-posts":[],"jetpack_sharing_enabled":true,"_links":{"self":[{"href":"https:\/\/www.granadablogs.com\/juezcalatayud\/wp-json\/wp\/v2\/posts\/12563","targetHints":{"allow":["GET"]}}],"collection":[{"href":"https:\/\/www.granadablogs.com\/juezcalatayud\/wp-json\/wp\/v2\/posts"}],"about":[{"href":"https:\/\/www.granadablogs.com\/juezcalatayud\/wp-json\/wp\/v2\/types\/post"}],"author":[{"embeddable":true,"href":"https:\/\/www.granadablogs.com\/juezcalatayud\/wp-json\/wp\/v2\/users\/3"}],"replies":[{"embeddable":true,"href":"https:\/\/www.granadablogs.com\/juezcalatayud\/wp-json\/wp\/v2\/comments?post=12563"}],"version-history":[{"count":3,"href":"https:\/\/www.granadablogs.com\/juezcalatayud\/wp-json\/wp\/v2\/posts\/12563\/revisions"}],"predecessor-version":[{"id":12566,"href":"https:\/\/www.granadablogs.com\/juezcalatayud\/wp-json\/wp\/v2\/posts\/12563\/revisions\/12566"}],"wp:attachment":[{"href":"https:\/\/www.granadablogs.com\/juezcalatayud\/wp-json\/wp\/v2\/media?parent=12563"}],"wp:term":[{"taxonomy":"category","embeddable":true,"href":"https:\/\/www.granadablogs.com\/juezcalatayud\/wp-json\/wp\/v2\/categories?post=12563"},{"taxonomy":"post_tag","embeddable":true,"href":"https:\/\/www.granadablogs.com\/juezcalatayud\/wp-json\/wp\/v2\/tags?post=12563"}],"curies":[{"name":"wp","href":"https:\/\/api.w.org\/{rel}","templated":true}]}}