{"id":12486,"date":"2020-04-14T20:26:05","date_gmt":"2020-04-14T18:26:05","guid":{"rendered":"https:\/\/www.granadablogs.com\/juezcalatayud\/?p=12486"},"modified":"2020-04-14T20:26:05","modified_gmt":"2020-04-14T18:26:05","slug":"echamos-en-falta-las-calles-con-ninos-a-ver-si-cuando-puedan-salir-no-les-regalamos-moviles-para-que-no-se-encierren-de-nuevo","status":"publish","type":"post","link":"https:\/\/www.granadablogs.com\/juezcalatayud\/2020\/04\/echamos-en-falta-las-calles-con-ninos-a-ver-si-cuando-puedan-salir-no-les-regalamos-moviles-para-que-no-se-encierren-de-nuevo\/","title":{"rendered":"Echamos en falta las calles con ni\u00f1os, a ver si cuando puedan salir no les regalamos m\u00f3viles para que no se encierren de nuevo"},"content":{"rendered":"<p>&nbsp;<\/p>\n<figure id=\"attachment_10620\" aria-describedby=\"caption-attachment-10620\" style=\"width: 644px\" class=\"wp-caption aligncenter\"><img loading=\"lazy\" decoding=\"async\" class=\"wp-image-10620 size-large\" src=\"https:\/\/www.granadablogs.com\/juezcalatayud\/wp-content\/uploads\/2019\/05\/Corte-644x429.jpg\" alt=\"\" width=\"644\" height=\"429\" srcset=\"https:\/\/www.granadablogs.com\/juezcalatayud\/wp-content\/uploads\/2019\/05\/Corte-644x429.jpg 644w, https:\/\/www.granadablogs.com\/juezcalatayud\/wp-content\/uploads\/2019\/05\/Corte-300x200.jpg 300w, https:\/\/www.granadablogs.com\/juezcalatayud\/wp-content\/uploads\/2019\/05\/Corte-768x512.jpg 768w\" sizes=\"auto, (max-width: 644px) 100vw, 644px\" \/><figcaption id=\"caption-attachment-10620\" class=\"wp-caption-text\">Foto: Ram\u00f3n L. P\u00e9rez<\/figcaption><\/figure>\n<p>Hola, soy Carlos Mor\u00e1n. Uno de los debates recurrentes en estos d\u00edas de coronavirus es el que hace referencia a la oportunidad o no de que los ni\u00f1os empiecen a salir controladamente a la calle. Don Emilio, que comprende muy bien el agobio de los chavales y en este mismo blog ha pedido que no se les atosigue con un exceso de deberes, es prudente y partidario de esperar a que los cient\u00edficos den las pautas a seguir. \u00abSoy de una generaci\u00f3n -dice el juez- que estaba siempre en la calle. Por eso entiendo lo que se sufre cuando se es ni\u00f1o y no se puede salir de casa. Pero tambi\u00e9n tengo que de decir que, de un tiempo a esta parte, hemos sido nosotros, los adultos, los que hemos echado a los ni\u00f1os de las calles regal\u00e1ndoles aparatos para que estuvieran todo el rato enganchados a Internet, encerrados en sus habitaciones. Ahora echamos en falta las calles con ni\u00f1os, a ver si cuando puedan salir dejamos de regalarles m\u00f3viles y consolas para que no se vuelvan a encerrar en las casas. La calle es de los ni\u00f1os\u00bb.<\/p>\n","protected":false},"excerpt":{"rendered":"<p>&nbsp; Hola, soy Carlos Mor\u00e1n. Uno de los debates recurrentes en estos d\u00edas de coronavirus es el que hace referencia a la oportunidad o no de que los ni\u00f1os empiecen a salir controladamente a la calle. Don Emilio, que comprende muy bien el agobio de los chavales y en este mismo blog ha pedido que [&hellip;]<\/p>\n","protected":false},"author":3,"featured_media":0,"comment_status":"open","ping_status":"open","sticky":false,"template":"","format":"standard","meta":{"jetpack_post_was_ever_published":false,"_jetpack_newsletter_access":"","_jetpack_dont_email_post_to_subs":false,"_jetpack_newsletter_tier_id":0,"_jetpack_memberships_contains_paywalled_content":false,"_jetpack_memberships_contains_paid_content":false,"footnotes":""},"categories":[1],"tags":[439,41,2633],"class_list":["post-12486","post","type-post","status-publish","format-standard","hentry","category-blog","tag-calle","tag-ninos","tag-salir"],"jetpack_featured_media_url":"","jetpack_shortlink":"https:\/\/wp.me\/p5fzW5-3fo","jetpack-related-posts":[],"jetpack_sharing_enabled":true,"_links":{"self":[{"href":"https:\/\/www.granadablogs.com\/juezcalatayud\/wp-json\/wp\/v2\/posts\/12486","targetHints":{"allow":["GET"]}}],"collection":[{"href":"https:\/\/www.granadablogs.com\/juezcalatayud\/wp-json\/wp\/v2\/posts"}],"about":[{"href":"https:\/\/www.granadablogs.com\/juezcalatayud\/wp-json\/wp\/v2\/types\/post"}],"author":[{"embeddable":true,"href":"https:\/\/www.granadablogs.com\/juezcalatayud\/wp-json\/wp\/v2\/users\/3"}],"replies":[{"embeddable":true,"href":"https:\/\/www.granadablogs.com\/juezcalatayud\/wp-json\/wp\/v2\/comments?post=12486"}],"version-history":[{"count":4,"href":"https:\/\/www.granadablogs.com\/juezcalatayud\/wp-json\/wp\/v2\/posts\/12486\/revisions"}],"predecessor-version":[{"id":12490,"href":"https:\/\/www.granadablogs.com\/juezcalatayud\/wp-json\/wp\/v2\/posts\/12486\/revisions\/12490"}],"wp:attachment":[{"href":"https:\/\/www.granadablogs.com\/juezcalatayud\/wp-json\/wp\/v2\/media?parent=12486"}],"wp:term":[{"taxonomy":"category","embeddable":true,"href":"https:\/\/www.granadablogs.com\/juezcalatayud\/wp-json\/wp\/v2\/categories?post=12486"},{"taxonomy":"post_tag","embeddable":true,"href":"https:\/\/www.granadablogs.com\/juezcalatayud\/wp-json\/wp\/v2\/tags?post=12486"}],"curies":[{"name":"wp","href":"https:\/\/api.w.org\/{rel}","templated":true}]}}