{"id":12341,"date":"2020-03-23T21:01:30","date_gmt":"2020-03-23T19:01:30","guid":{"rendered":"https:\/\/www.granadablogs.com\/juezcalatayud\/?p=12341"},"modified":"2020-03-23T21:01:30","modified_gmt":"2020-03-23T19:01:30","slug":"ojo-con-el-exceso-de-deberes-maestros-los-ninos-ya-tienen-bastante-con-el-deber-de-luchar-contra-el-coronavirus","status":"publish","type":"post","link":"https:\/\/www.granadablogs.com\/juezcalatayud\/2020\/03\/ojo-con-el-exceso-de-deberes-maestros-los-ninos-ya-tienen-bastante-con-el-deber-de-luchar-contra-el-coronavirus\/","title":{"rendered":"\u00ab\u00a1Ojo con el exceso de deberes, maestros!, los ni\u00f1os ya tienen bastante con el deber de luchar contra el coronavirus\u00bb"},"content":{"rendered":"<p>&nbsp;<\/p>\n<figure id=\"attachment_11820\" aria-describedby=\"caption-attachment-11820\" style=\"width: 644px\" class=\"wp-caption aligncenter\"><img loading=\"lazy\" decoding=\"async\" class=\"wp-image-11820 size-large\" src=\"https:\/\/www.granadablogs.com\/juezcalatayud\/wp-content\/uploads\/2019\/12\/Emil-neuf-644x429.jpg\" alt=\"\" width=\"644\" height=\"429\" srcset=\"https:\/\/www.granadablogs.com\/juezcalatayud\/wp-content\/uploads\/2019\/12\/Emil-neuf-644x429.jpg 644w, https:\/\/www.granadablogs.com\/juezcalatayud\/wp-content\/uploads\/2019\/12\/Emil-neuf-300x200.jpg 300w, https:\/\/www.granadablogs.com\/juezcalatayud\/wp-content\/uploads\/2019\/12\/Emil-neuf-768x512.jpg 768w\" sizes=\"auto, (max-width: 644px) 100vw, 644px\" \/><figcaption id=\"caption-attachment-11820\" class=\"wp-caption-text\">Foto: Alfredo Aguilar<\/figcaption><\/figure>\n<p>Hola, soy Carlos Mor\u00e1n. \u00c1nimo, que ya falta menos. Don Emilio, firme defensor de la escuela y los maestros, tiene una petici\u00f3n para los docentes que parece razonable. \u00abSe\u00f1os y profes, toda mi admiraci\u00f3n y mi respeto por la gran labor que realiz\u00e1is. Sois y ser\u00e9is imprescindibles cuando esto pase, pero ahora, por favor, \u00a1ojo con el exceso de deberes! Los ni\u00f1os ya tienen bastante con el deber de luchar contra el coronavirus y lo est\u00e1n haciendo muy bien. Estar confinados es para ellos quiz\u00e1 m\u00e1s inc\u00f3modo que para los adultos, pero saben que su papel es muy importante para evitar que se extienda el contagio entre sus abuelos. Adem\u00e1s, no olvidemos que los hijos de m\u00e9dicos, cajeras, polic\u00edas, etc ven poco a sus padres y eso tampoco es f\u00e1cil de sobrellevar. Y luego est\u00e1n los que han perdido a alg\u00fan familiar. Los ni\u00f1os y los adolescentes aprenden todos los d\u00edas una lecci\u00f3n, pero tambi\u00e9n nos dan lecciones todos los d\u00edas. Cu\u00eddemos tambi\u00e9n de ellos\u00bb.<\/p>\n","protected":false},"excerpt":{"rendered":"<p>&nbsp; Hola, soy Carlos Mor\u00e1n. \u00c1nimo, que ya falta menos. Don Emilio, firme defensor de la escuela y los maestros, tiene una petici\u00f3n para los docentes que parece razonable. \u00abSe\u00f1os y profes, toda mi admiraci\u00f3n y mi respeto por la gran labor que realiz\u00e1is. Sois y ser\u00e9is imprescindibles cuando esto pase, pero ahora, por favor, [&hellip;]<\/p>\n","protected":false},"author":3,"featured_media":0,"comment_status":"open","ping_status":"open","sticky":false,"template":"","format":"standard","meta":{"jetpack_post_was_ever_published":false,"_jetpack_newsletter_access":"","_jetpack_dont_email_post_to_subs":false,"_jetpack_newsletter_tier_id":0,"_jetpack_memberships_contains_paywalled_content":false,"_jetpack_memberships_contains_paid_content":false,"footnotes":""},"categories":[1],"tags":[2609,88,242],"class_list":["post-12341","post","type-post","status-publish","format-standard","hentry","category-blog","tag-coronavirus","tag-deberes","tag-escolares"],"jetpack_featured_media_url":"","jetpack_shortlink":"https:\/\/wp.me\/p5fzW5-3d3","jetpack-related-posts":[],"jetpack_sharing_enabled":true,"_links":{"self":[{"href":"https:\/\/www.granadablogs.com\/juezcalatayud\/wp-json\/wp\/v2\/posts\/12341","targetHints":{"allow":["GET"]}}],"collection":[{"href":"https:\/\/www.granadablogs.com\/juezcalatayud\/wp-json\/wp\/v2\/posts"}],"about":[{"href":"https:\/\/www.granadablogs.com\/juezcalatayud\/wp-json\/wp\/v2\/types\/post"}],"author":[{"embeddable":true,"href":"https:\/\/www.granadablogs.com\/juezcalatayud\/wp-json\/wp\/v2\/users\/3"}],"replies":[{"embeddable":true,"href":"https:\/\/www.granadablogs.com\/juezcalatayud\/wp-json\/wp\/v2\/comments?post=12341"}],"version-history":[{"count":4,"href":"https:\/\/www.granadablogs.com\/juezcalatayud\/wp-json\/wp\/v2\/posts\/12341\/revisions"}],"predecessor-version":[{"id":12345,"href":"https:\/\/www.granadablogs.com\/juezcalatayud\/wp-json\/wp\/v2\/posts\/12341\/revisions\/12345"}],"wp:attachment":[{"href":"https:\/\/www.granadablogs.com\/juezcalatayud\/wp-json\/wp\/v2\/media?parent=12341"}],"wp:term":[{"taxonomy":"category","embeddable":true,"href":"https:\/\/www.granadablogs.com\/juezcalatayud\/wp-json\/wp\/v2\/categories?post=12341"},{"taxonomy":"post_tag","embeddable":true,"href":"https:\/\/www.granadablogs.com\/juezcalatayud\/wp-json\/wp\/v2\/tags?post=12341"}],"curies":[{"name":"wp","href":"https:\/\/api.w.org\/{rel}","templated":true}]}}