{"id":12240,"date":"2020-03-05T21:45:34","date_gmt":"2020-03-05T19:45:34","guid":{"rendered":"https:\/\/www.granadablogs.com\/juezcalatayud\/?p=12240"},"modified":"2020-03-05T21:45:34","modified_gmt":"2020-03-05T19:45:34","slug":"grana-esta-llena-de-aficionados-bilbainos-del-atletic-muy-salaos-pero-deseamos-ganarles-y-jugar-la-final-de-copa","status":"publish","type":"post","link":"https:\/\/www.granadablogs.com\/juezcalatayud\/2020\/03\/grana-esta-llena-de-aficionados-bilbainos-del-atletic-muy-salaos-pero-deseamos-ganarles-y-jugar-la-final-de-copa\/","title":{"rendered":"\u00ab&#8216;Gran\u00e1&#8217; est\u00e1 llena de aficionados bilba\u00ednos del Atletic muy &#8216;salaos&#8217;, pero deseamos ganarles y jugar la final de Copa\u00bb"},"content":{"rendered":"<p>&nbsp;<\/p>\n<figure id=\"attachment_11838\" aria-describedby=\"caption-attachment-11838\" style=\"width: 644px\" class=\"wp-caption aligncenter\"><img loading=\"lazy\" decoding=\"async\" class=\"wp-image-11838 size-large\" src=\"https:\/\/www.granadablogs.com\/juezcalatayud\/wp-content\/uploads\/2019\/12\/Nuevo-emi-644x429.jpg\" alt=\"\" width=\"644\" height=\"429\" srcset=\"https:\/\/www.granadablogs.com\/juezcalatayud\/wp-content\/uploads\/2019\/12\/Nuevo-emi-644x429.jpg 644w, https:\/\/www.granadablogs.com\/juezcalatayud\/wp-content\/uploads\/2019\/12\/Nuevo-emi-300x200.jpg 300w, https:\/\/www.granadablogs.com\/juezcalatayud\/wp-content\/uploads\/2019\/12\/Nuevo-emi-768x512.jpg 768w\" sizes=\"auto, (max-width: 644px) 100vw, 644px\" \/><figcaption id=\"caption-attachment-11838\" class=\"wp-caption-text\">Foto: Alfredo Aguilar<\/figcaption><\/figure>\n<p>Hola, soy Carlos Mor\u00e1n. Los &#8216;grana\u00ednos&#8217;, los futboleros y muchos que no lo son, estamos pendientes del partido que van a disputar dentro de unos momentos el Granada y el Atletic de Bilbao. Don Emilio, que es futbolero, no es una excepci\u00f3n. Esta ma\u00f1ana se ha topado en el Albaic\u00edn, su barrio, con un buen n\u00famero de aficionados bilba\u00ednos y ha echado unas risas. \u00c9l mismo lo cuenta. \u00abGran\u00e1 est\u00e1 llena de bilba\u00ednos muy &#8216;apa\u00f1aos&#8217; y muy &#8216;salaos&#8217;. Me he encontrado con una &#8216;cuadrilla&#8217; como dicen ellos, que hab\u00edan venido en furgoneta hasta Granada: &#8216;Seis horas hemos tardado, t\u00fa&#8217;, me han dicho. Y yo les he respondido: &#8216;Eso es porque sois de Bilbao, los manchegos del Albaic\u00edn tardamos ocho o nueve, como m\u00ednimo, ja, ja, ja. Gente maja, s\u00ed se\u00f1or, pero deseamos ganarles y jugar la final de la Copa del Rey. A ver&#8230;\u00bb<\/p>\n","protected":false},"excerpt":{"rendered":"<p>&nbsp; Hola, soy Carlos Mor\u00e1n. Los &#8216;grana\u00ednos&#8217;, los futboleros y muchos que no lo son, estamos pendientes del partido que van a disputar dentro de unos momentos el Granada y el Atletic de Bilbao. Don Emilio, que es futbolero, no es una excepci\u00f3n. Esta ma\u00f1ana se ha topado en el Albaic\u00edn, su barrio, con un [&hellip;]<\/p>\n","protected":false},"author":3,"featured_media":0,"comment_status":"open","ping_status":"open","sticky":false,"template":"","format":"standard","meta":{"jetpack_post_was_ever_published":false,"_jetpack_newsletter_access":"","_jetpack_dont_email_post_to_subs":false,"_jetpack_newsletter_tier_id":0,"_jetpack_memberships_contains_paywalled_content":false,"_jetpack_memberships_contains_paid_content":false,"footnotes":""},"categories":[1],"tags":[2607,15],"class_list":["post-12240","post","type-post","status-publish","format-standard","hentry","category-blog","tag-atletic","tag-granada"],"jetpack_featured_media_url":"","jetpack_shortlink":"https:\/\/wp.me\/p5fzW5-3bq","jetpack-related-posts":[],"jetpack_sharing_enabled":true,"_links":{"self":[{"href":"https:\/\/www.granadablogs.com\/juezcalatayud\/wp-json\/wp\/v2\/posts\/12240","targetHints":{"allow":["GET"]}}],"collection":[{"href":"https:\/\/www.granadablogs.com\/juezcalatayud\/wp-json\/wp\/v2\/posts"}],"about":[{"href":"https:\/\/www.granadablogs.com\/juezcalatayud\/wp-json\/wp\/v2\/types\/post"}],"author":[{"embeddable":true,"href":"https:\/\/www.granadablogs.com\/juezcalatayud\/wp-json\/wp\/v2\/users\/3"}],"replies":[{"embeddable":true,"href":"https:\/\/www.granadablogs.com\/juezcalatayud\/wp-json\/wp\/v2\/comments?post=12240"}],"version-history":[{"count":3,"href":"https:\/\/www.granadablogs.com\/juezcalatayud\/wp-json\/wp\/v2\/posts\/12240\/revisions"}],"predecessor-version":[{"id":12243,"href":"https:\/\/www.granadablogs.com\/juezcalatayud\/wp-json\/wp\/v2\/posts\/12240\/revisions\/12243"}],"wp:attachment":[{"href":"https:\/\/www.granadablogs.com\/juezcalatayud\/wp-json\/wp\/v2\/media?parent=12240"}],"wp:term":[{"taxonomy":"category","embeddable":true,"href":"https:\/\/www.granadablogs.com\/juezcalatayud\/wp-json\/wp\/v2\/categories?post=12240"},{"taxonomy":"post_tag","embeddable":true,"href":"https:\/\/www.granadablogs.com\/juezcalatayud\/wp-json\/wp\/v2\/tags?post=12240"}],"curies":[{"name":"wp","href":"https:\/\/api.w.org\/{rel}","templated":true}]}}