{"id":12165,"date":"2020-02-21T16:00:50","date_gmt":"2020-02-21T14:00:50","guid":{"rendered":"https:\/\/www.granadablogs.com\/juezcalatayud\/?p=12165"},"modified":"2020-05-05T19:17:37","modified_gmt":"2020-05-05T17:17:37","slug":"deseo-suerte-al-medico-que-va-a-operarme","status":"publish","type":"post","link":"https:\/\/www.granadablogs.com\/juezcalatayud\/2020\/02\/deseo-suerte-al-medico-que-va-a-operarme\/","title":{"rendered":"Deseo suerte al m\u00e9dico que va a operarme"},"content":{"rendered":"<p>&nbsp;<\/p>\n<figure id=\"attachment_11838\" aria-describedby=\"caption-attachment-11838\" style=\"width: 644px\" class=\"wp-caption aligncenter\"><img loading=\"lazy\" decoding=\"async\" class=\"wp-image-11838 size-large\" src=\"https:\/\/www.granadablogs.com\/juezcalatayud\/wp-content\/uploads\/2019\/12\/Nuevo-emi-644x429.jpg\" alt=\"\" width=\"644\" height=\"429\" srcset=\"https:\/\/www.granadablogs.com\/juezcalatayud\/wp-content\/uploads\/2019\/12\/Nuevo-emi-644x429.jpg 644w, https:\/\/www.granadablogs.com\/juezcalatayud\/wp-content\/uploads\/2019\/12\/Nuevo-emi-300x200.jpg 300w, https:\/\/www.granadablogs.com\/juezcalatayud\/wp-content\/uploads\/2019\/12\/Nuevo-emi-768x512.jpg 768w\" sizes=\"auto, (max-width: 644px) 100vw, 644px\" \/><figcaption id=\"caption-attachment-11838\" class=\"wp-caption-text\">Foto: Alfredo Aguilar<\/figcaption><\/figure>\n<p>Buenas, soy Emilio Calatayud. Esta tarde van a operarme y, como es natural, deseo suerte al m\u00e9dico que va a hacerlo. La intervenci\u00f3n forma parte del tratamiento del c\u00e1ncer de pr\u00f3stata que padezco desde hace cinco a\u00f1os. Todo va bien, gracias a Dios y a la ciencia, pero tienen que hacerme una limpieza de bajos, que suena un poco bruto, pero t\u00e9cnicamente es eso lo que me van hacer. Yo es que soy rural y me gusta que me entiendan.<\/p>\n<p>La otra noticia es que voy a estar de baja unas semanas, pero, tranquilos, no os vais a librar de este blog ni del &#8216;feisb\u00fa&#8217;. El negro, o sea, Carlos Mor\u00e1n, va a pasar a ser el blanco durante estos d\u00edas. No lo dej\u00e9is solo, que lleva desde 2008, que fue cuando inauguramos el blog, esperando esta oportunidad y est\u00e1 hecho un flan ja. ja. ja. Seguiremos comunic\u00e1ndonos a trav\u00e9s de \u00e9l. Ya os contar\u00e1. Quedo en buenas manos y os dejo en buenas manos.<\/p>\n","protected":false},"excerpt":{"rendered":"<p>&nbsp; Buenas, soy Emilio Calatayud. Esta tarde van a operarme y, como es natural, deseo suerte al m\u00e9dico que va a hacerlo. La intervenci\u00f3n forma parte del tratamiento del c\u00e1ncer de pr\u00f3stata que padezco desde hace cinco a\u00f1os. Todo va bien, gracias a Dios y a la ciencia, pero tienen que hacerme una limpieza de [&hellip;]<\/p>\n","protected":false},"author":2,"featured_media":0,"comment_status":"open","ping_status":"open","sticky":false,"template":"","format":"standard","meta":{"jetpack_post_was_ever_published":false,"_jetpack_newsletter_access":"","_jetpack_dont_email_post_to_subs":false,"_jetpack_newsletter_tier_id":0,"_jetpack_memberships_contains_paywalled_content":false,"_jetpack_memberships_contains_paid_content":false,"footnotes":""},"categories":[1],"tags":[75,2594,1050],"class_list":["post-12165","post","type-post","status-publish","format-standard","hentry","category-blog","tag-cancer","tag-operacion","tag-prostata"],"jetpack_featured_media_url":"","jetpack_shortlink":"https:\/\/wp.me\/p5fzW5-3ad","jetpack-related-posts":[],"jetpack_sharing_enabled":true,"_links":{"self":[{"href":"https:\/\/www.granadablogs.com\/juezcalatayud\/wp-json\/wp\/v2\/posts\/12165","targetHints":{"allow":["GET"]}}],"collection":[{"href":"https:\/\/www.granadablogs.com\/juezcalatayud\/wp-json\/wp\/v2\/posts"}],"about":[{"href":"https:\/\/www.granadablogs.com\/juezcalatayud\/wp-json\/wp\/v2\/types\/post"}],"author":[{"embeddable":true,"href":"https:\/\/www.granadablogs.com\/juezcalatayud\/wp-json\/wp\/v2\/users\/2"}],"replies":[{"embeddable":true,"href":"https:\/\/www.granadablogs.com\/juezcalatayud\/wp-json\/wp\/v2\/comments?post=12165"}],"version-history":[{"count":2,"href":"https:\/\/www.granadablogs.com\/juezcalatayud\/wp-json\/wp\/v2\/posts\/12165\/revisions"}],"predecessor-version":[{"id":12167,"href":"https:\/\/www.granadablogs.com\/juezcalatayud\/wp-json\/wp\/v2\/posts\/12165\/revisions\/12167"}],"wp:attachment":[{"href":"https:\/\/www.granadablogs.com\/juezcalatayud\/wp-json\/wp\/v2\/media?parent=12165"}],"wp:term":[{"taxonomy":"category","embeddable":true,"href":"https:\/\/www.granadablogs.com\/juezcalatayud\/wp-json\/wp\/v2\/categories?post=12165"},{"taxonomy":"post_tag","embeddable":true,"href":"https:\/\/www.granadablogs.com\/juezcalatayud\/wp-json\/wp\/v2\/tags?post=12165"}],"curies":[{"name":"wp","href":"https:\/\/api.w.org\/{rel}","templated":true}]}}