{"id":12154,"date":"2020-02-19T21:26:40","date_gmt":"2020-02-19T19:26:40","guid":{"rendered":"https:\/\/www.granadablogs.com\/juezcalatayud\/?p=12154"},"modified":"2020-02-19T21:26:40","modified_gmt":"2020-02-19T19:26:40","slug":"lamento-de-un-hombre-de-campo-en-los-pueblos-nos-cierran-las-escuelas-y-agrandan-los-cementerios","status":"publish","type":"post","link":"https:\/\/www.granadablogs.com\/juezcalatayud\/2020\/02\/lamento-de-un-hombre-de-campo-en-los-pueblos-nos-cierran-las-escuelas-y-agrandan-los-cementerios\/","title":{"rendered":"Lamento de un hombre de campo: \u00abEn los pueblos nos cierran las escuelas y agrandan los cementerios\u00bb"},"content":{"rendered":"<p>&nbsp;<\/p>\n<figure id=\"attachment_10129\" aria-describedby=\"caption-attachment-10129\" style=\"width: 644px\" class=\"wp-caption aligncenter\"><img loading=\"lazy\" decoding=\"async\" class=\"wp-image-10129 size-large\" src=\"https:\/\/www.granadablogs.com\/juezcalatayud\/wp-content\/uploads\/2019\/02\/Emil-644x430.jpg\" alt=\"\" width=\"644\" height=\"430\" srcset=\"https:\/\/www.granadablogs.com\/juezcalatayud\/wp-content\/uploads\/2019\/02\/Emil-644x430.jpg 644w, https:\/\/www.granadablogs.com\/juezcalatayud\/wp-content\/uploads\/2019\/02\/Emil-300x200.jpg 300w, https:\/\/www.granadablogs.com\/juezcalatayud\/wp-content\/uploads\/2019\/02\/Emil-768x513.jpg 768w\" sizes=\"auto, (max-width: 644px) 100vw, 644px\" \/><figcaption id=\"caption-attachment-10129\" class=\"wp-caption-text\">Foto: Efe<\/figcaption><\/figure>\n<p>Buenas, soy Emilio Calatayud. En Granada ha habido una gran protesta de la gente del campo, de los agricultores. Han venido con sus tractores para reclamar un futuro. Uno de ellos ha hecho un comentario que es tambi\u00e9n una sentencia: \u00abEn los pueblos nos cierran las escuelas y agrandan los cementerios\u00bb. Lleva raz\u00f3n. Hay pocas cosas m\u00e1s tristes que un &#8216;cole&#8217; de pueblo cerrado. Se te cae el alma a los pies.<\/p>\n<p>Me da a m\u00ed que los pol\u00edticos piensan que las gentes del campo son de peor condici\u00f3n porque tienen la cara quemada y arrugada. Se equivocan los pol\u00edticos. Las gentes del campo son supervivientes y para sobrevivir hay que ser muy inteligente.<\/p>\n<p>Adem\u00e1s, todos venimos del campo. Todos.<\/p>\n","protected":false},"excerpt":{"rendered":"<p>&nbsp; Buenas, soy Emilio Calatayud. En Granada ha habido una gran protesta de la gente del campo, de los agricultores. Han venido con sus tractores para reclamar un futuro. Uno de ellos ha hecho un comentario que es tambi\u00e9n una sentencia: \u00abEn los pueblos nos cierran las escuelas y agrandan los cementerios\u00bb. Lleva raz\u00f3n. Hay [&hellip;]<\/p>\n","protected":false},"author":2,"featured_media":0,"comment_status":"open","ping_status":"open","sticky":false,"template":"","format":"standard","meta":{"jetpack_post_was_ever_published":false,"_jetpack_newsletter_access":"","_jetpack_dont_email_post_to_subs":false,"_jetpack_newsletter_tier_id":0,"_jetpack_memberships_contains_paywalled_content":false,"_jetpack_memberships_contains_paid_content":false,"footnotes":""},"categories":[1],"tags":[1847,2593],"class_list":["post-12154","post","type-post","status-publish","format-standard","hentry","category-blog","tag-escuelas","tag-pueblos"],"jetpack_featured_media_url":"","jetpack_shortlink":"https:\/\/wp.me\/p5fzW5-3a2","jetpack-related-posts":[],"jetpack_sharing_enabled":true,"_links":{"self":[{"href":"https:\/\/www.granadablogs.com\/juezcalatayud\/wp-json\/wp\/v2\/posts\/12154","targetHints":{"allow":["GET"]}}],"collection":[{"href":"https:\/\/www.granadablogs.com\/juezcalatayud\/wp-json\/wp\/v2\/posts"}],"about":[{"href":"https:\/\/www.granadablogs.com\/juezcalatayud\/wp-json\/wp\/v2\/types\/post"}],"author":[{"embeddable":true,"href":"https:\/\/www.granadablogs.com\/juezcalatayud\/wp-json\/wp\/v2\/users\/2"}],"replies":[{"embeddable":true,"href":"https:\/\/www.granadablogs.com\/juezcalatayud\/wp-json\/wp\/v2\/comments?post=12154"}],"version-history":[{"count":4,"href":"https:\/\/www.granadablogs.com\/juezcalatayud\/wp-json\/wp\/v2\/posts\/12154\/revisions"}],"predecessor-version":[{"id":12158,"href":"https:\/\/www.granadablogs.com\/juezcalatayud\/wp-json\/wp\/v2\/posts\/12154\/revisions\/12158"}],"wp:attachment":[{"href":"https:\/\/www.granadablogs.com\/juezcalatayud\/wp-json\/wp\/v2\/media?parent=12154"}],"wp:term":[{"taxonomy":"category","embeddable":true,"href":"https:\/\/www.granadablogs.com\/juezcalatayud\/wp-json\/wp\/v2\/categories?post=12154"},{"taxonomy":"post_tag","embeddable":true,"href":"https:\/\/www.granadablogs.com\/juezcalatayud\/wp-json\/wp\/v2\/tags?post=12154"}],"curies":[{"name":"wp","href":"https:\/\/api.w.org\/{rel}","templated":true}]}}