{"id":12039,"date":"2020-01-23T21:12:35","date_gmt":"2020-01-23T19:12:35","guid":{"rendered":"https:\/\/www.granadablogs.com\/juezcalatayud\/?p=12039"},"modified":"2020-01-23T21:12:35","modified_gmt":"2020-01-23T19:12:35","slug":"si-un-maltratador-quisiera-a-su-pareja-se-mataria-el-antes-de-matarla-a-ella","status":"publish","type":"post","link":"https:\/\/www.granadablogs.com\/juezcalatayud\/2020\/01\/si-un-maltratador-quisiera-a-su-pareja-se-mataria-el-antes-de-matarla-a-ella\/","title":{"rendered":"Si un maltratador quisiera a su pareja se matar\u00eda \u00e9l antes de matarla a ella"},"content":{"rendered":"<p>&nbsp;<\/p>\n<figure id=\"attachment_10584\" aria-describedby=\"caption-attachment-10584\" style=\"width: 644px\" class=\"wp-caption aligncenter\"><img loading=\"lazy\" decoding=\"async\" class=\"wp-image-10584 size-large\" src=\"https:\/\/www.granadablogs.com\/juezcalatayud\/wp-content\/uploads\/2019\/05\/Emi-nueva-644x429.jpg\" alt=\"\" width=\"644\" height=\"429\" srcset=\"https:\/\/www.granadablogs.com\/juezcalatayud\/wp-content\/uploads\/2019\/05\/Emi-nueva-644x429.jpg 644w, https:\/\/www.granadablogs.com\/juezcalatayud\/wp-content\/uploads\/2019\/05\/Emi-nueva-300x200.jpg 300w, https:\/\/www.granadablogs.com\/juezcalatayud\/wp-content\/uploads\/2019\/05\/Emi-nueva-768x512.jpg 768w\" sizes=\"auto, (max-width: 644px) 100vw, 644px\" \/><figcaption id=\"caption-attachment-10584\" class=\"wp-caption-text\">Foto: Alfredo Aguilar.<\/figcaption><\/figure>\n<p>Buenas, soy Emilio Calatayud. Un hombre ha matado a su mujer en la localidad granadina de Caniles. Ojal\u00e1 sea la \u00faltima v\u00edctima. Entre todos tenemos que parar la violencia de g\u00e9nero. Cada vez que una mujer muere a manos de su marido siempre me hago la misma pregunta: \u00bfPor qu\u00e9 no se habr\u00e1 matado \u00e9l antes? Pues porque no quiere a su mujer y nunca la quiso. Si un maltratador quisiera a su pareja se matar\u00eda \u00e9l antes de matarla a ella.<\/p>\n<p>Un \u00faltimo consejo para las m\u00e1s jovenes, para las ni\u00f1as: si tu amigo empieza a decirte que no te pintes o c\u00f3mo te tienes que vestir, m\u00e1ndalo a tomar vientos a la voz de ya.<\/p>\n","protected":false},"excerpt":{"rendered":"<p>&nbsp; Buenas, soy Emilio Calatayud. Un hombre ha matado a su mujer en la localidad granadina de Caniles. Ojal\u00e1 sea la \u00faltima v\u00edctima. Entre todos tenemos que parar la violencia de g\u00e9nero. Cada vez que una mujer muere a manos de su marido siempre me hago la misma pregunta: \u00bfPor qu\u00e9 no se habr\u00e1 matado [&hellip;]<\/p>\n","protected":false},"author":2,"featured_media":0,"comment_status":"open","ping_status":"open","sticky":false,"template":"","format":"standard","meta":{"jetpack_post_was_ever_published":false,"_jetpack_newsletter_access":"","_jetpack_dont_email_post_to_subs":false,"_jetpack_newsletter_tier_id":0,"_jetpack_memberships_contains_paywalled_content":false,"_jetpack_memberships_contains_paid_content":false,"footnotes":""},"categories":[1],"tags":[2468,186],"class_list":["post-12039","post","type-post","status-publish","format-standard","hentry","category-blog","tag-genero","tag-violencia"],"jetpack_featured_media_url":"","jetpack_shortlink":"https:\/\/wp.me\/p5fzW5-38b","jetpack-related-posts":[],"jetpack_sharing_enabled":true,"_links":{"self":[{"href":"https:\/\/www.granadablogs.com\/juezcalatayud\/wp-json\/wp\/v2\/posts\/12039","targetHints":{"allow":["GET"]}}],"collection":[{"href":"https:\/\/www.granadablogs.com\/juezcalatayud\/wp-json\/wp\/v2\/posts"}],"about":[{"href":"https:\/\/www.granadablogs.com\/juezcalatayud\/wp-json\/wp\/v2\/types\/post"}],"author":[{"embeddable":true,"href":"https:\/\/www.granadablogs.com\/juezcalatayud\/wp-json\/wp\/v2\/users\/2"}],"replies":[{"embeddable":true,"href":"https:\/\/www.granadablogs.com\/juezcalatayud\/wp-json\/wp\/v2\/comments?post=12039"}],"version-history":[{"count":3,"href":"https:\/\/www.granadablogs.com\/juezcalatayud\/wp-json\/wp\/v2\/posts\/12039\/revisions"}],"predecessor-version":[{"id":12042,"href":"https:\/\/www.granadablogs.com\/juezcalatayud\/wp-json\/wp\/v2\/posts\/12039\/revisions\/12042"}],"wp:attachment":[{"href":"https:\/\/www.granadablogs.com\/juezcalatayud\/wp-json\/wp\/v2\/media?parent=12039"}],"wp:term":[{"taxonomy":"category","embeddable":true,"href":"https:\/\/www.granadablogs.com\/juezcalatayud\/wp-json\/wp\/v2\/categories?post=12039"},{"taxonomy":"post_tag","embeddable":true,"href":"https:\/\/www.granadablogs.com\/juezcalatayud\/wp-json\/wp\/v2\/tags?post=12039"}],"curies":[{"name":"wp","href":"https:\/\/api.w.org\/{rel}","templated":true}]}}