{"id":1198,"date":"2011-03-28T16:53:50","date_gmt":"2011-03-28T15:53:50","guid":{"rendered":"http:\/\/www.granadablogs.com\/juezcalatayud\/?p=1198"},"modified":"2011-03-28T16:54:15","modified_gmt":"2011-03-28T15:54:15","slug":"los-ninos-gitanos-no-agreden-a-sus-padres","status":"publish","type":"post","link":"https:\/\/www.granadablogs.com\/juezcalatayud\/2011\/03\/los-ninos-gitanos-no-agreden-a-sus-padres\/","title":{"rendered":"Los ni\u00f1os gitanos no agreden a sus padres"},"content":{"rendered":"<p>Aqu\u00ed os dejo una informaci\u00f3n que he publicado hoy en mi peri\u00f3dico. Espero que os resulte interesante y que nos\u00a0sirva a todos para\u00a0reflexionar. \u00abEl Juzgado de Menores 1 de Granada conden\u00f3 en 2010 a 61 adolescentes de entre 14 y 17 a\u00f1os por maltratar a sus progenitores. Seg\u00fan fuentes judiciales, el tribunal n\u00famero 2 de Menores de Granada dict\u00f3 un n\u00famero similar de sentencias en casos de este tipo. La suma impresiona: 120. Aproximadamente, un 15% de las resoluciones condenatorias que emitieron ambos juzgados -que fueron m\u00e1s de 700-.<br \/>\nLejos de extinguirse, el dram\u00e1tico fen\u00f3meno de los ni\u00f1os que agreden a sus padres -f\u00edsica o ps\u00edquicamente, o ambas cosas a la vez- se consolida a\u00f1o tras a\u00f1o. Pero hay un llamativo detalle que puede ayudar a explicar el origen de un delito que, a principios de este siglo, ni siquiera exist\u00eda: no hay ni un solo menor gitano que haya sido condenado por vejar a su padre o a su madre. \u00abEs verdad: <strong>los ni\u00f1os gitanos<\/strong> no pegan a sus padres. Aqu\u00ed no hemos tenido ning\u00fan caso. Su cultura lo impide y es algo que nos debe servir a todos para aprender\u00bb, indica el juez Emilio Calatayud, titular del Juzgado de Menores 1 de Granada.<br \/>\nDefensor del Pueblo Andaluz<br \/>\nJos\u00e9 Chamizo, Defensor del Pueblo Andaluz y Defensor del Menor en la comunidad aut\u00f3noma, tambi\u00e9n constata una realidad que ya hab\u00eda llamado la atenci\u00f3n al personal de la Junta de Andaluc\u00eda que trabaja con los adolescentes infractores. \u00abEs cierto. Para los gitanos, insultar o agredir a sus mayores es algo inconcebible, una barbaridad que no les cabe en la cabeza. Para ellos, el respeto a los padres o los abuelos es algo que no se discute. Es algo que llevan muy dentro\u00bb, explica Chamizo, al tiempo que invita a la sociedad en general a fijarse en esa conducta e imitarla.<br \/>\nEn este sentido, el Defensor, que en varias ocasiones ha expresado su preocupaci\u00f3n por la expansi\u00f3n del fen\u00f3meno de los hijos que pegan a sus padres, record\u00f3 que el delito en cuesti\u00f3n es propio de familias que disfrutan de una buena situaci\u00f3n econ\u00f3mica. \u00abDonde m\u00e1s se da es en las clases acomodadas. Entre las gentes m\u00e1s humildes no suele ocurrir\u00bb, destac\u00f3 Chamizo\u00bb.<\/p>\n","protected":false},"excerpt":{"rendered":"<p>Aqu\u00ed os dejo una informaci\u00f3n que he publicado hoy en mi peri\u00f3dico. Espero que os resulte interesante y que nos\u00a0sirva a todos para\u00a0reflexionar. \u00abEl Juzgado de Menores 1 de Granada conden\u00f3 en 2010 a 61 adolescentes de entre 14 y 17 a\u00f1os por maltratar a sus progenitores. Seg\u00fan fuentes judiciales, el tribunal n\u00famero 2 de [&hellip;]<\/p>\n","protected":false},"author":3,"featured_media":0,"comment_status":"open","ping_status":"open","sticky":false,"template":"","format":"standard","meta":{"jetpack_post_was_ever_published":false,"_jetpack_newsletter_access":"","_jetpack_dont_email_post_to_subs":false,"_jetpack_newsletter_tier_id":0,"_jetpack_memberships_contains_paywalled_content":false,"_jetpack_memberships_contains_paid_content":false,"footnotes":""},"categories":[1],"tags":[],"class_list":["post-1198","post","type-post","status-publish","format-standard","hentry","category-blog"],"jetpack_featured_media_url":"","jetpack_shortlink":"https:\/\/wp.me\/p5fzW5-jk","jetpack-related-posts":[],"jetpack_sharing_enabled":true,"_links":{"self":[{"href":"https:\/\/www.granadablogs.com\/juezcalatayud\/wp-json\/wp\/v2\/posts\/1198","targetHints":{"allow":["GET"]}}],"collection":[{"href":"https:\/\/www.granadablogs.com\/juezcalatayud\/wp-json\/wp\/v2\/posts"}],"about":[{"href":"https:\/\/www.granadablogs.com\/juezcalatayud\/wp-json\/wp\/v2\/types\/post"}],"author":[{"embeddable":true,"href":"https:\/\/www.granadablogs.com\/juezcalatayud\/wp-json\/wp\/v2\/users\/3"}],"replies":[{"embeddable":true,"href":"https:\/\/www.granadablogs.com\/juezcalatayud\/wp-json\/wp\/v2\/comments?post=1198"}],"version-history":[{"count":2,"href":"https:\/\/www.granadablogs.com\/juezcalatayud\/wp-json\/wp\/v2\/posts\/1198\/revisions"}],"predecessor-version":[{"id":1200,"href":"https:\/\/www.granadablogs.com\/juezcalatayud\/wp-json\/wp\/v2\/posts\/1198\/revisions\/1200"}],"wp:attachment":[{"href":"https:\/\/www.granadablogs.com\/juezcalatayud\/wp-json\/wp\/v2\/media?parent=1198"}],"wp:term":[{"taxonomy":"category","embeddable":true,"href":"https:\/\/www.granadablogs.com\/juezcalatayud\/wp-json\/wp\/v2\/categories?post=1198"},{"taxonomy":"post_tag","embeddable":true,"href":"https:\/\/www.granadablogs.com\/juezcalatayud\/wp-json\/wp\/v2\/tags?post=1198"}],"curies":[{"name":"wp","href":"https:\/\/api.w.org\/{rel}","templated":true}]}}