{"id":11931,"date":"2019-12-30T21:05:55","date_gmt":"2019-12-30T19:05:55","guid":{"rendered":"https:\/\/www.granadablogs.com\/juezcalatayud\/?p=11931"},"modified":"2019-12-30T21:05:55","modified_gmt":"2019-12-30T19:05:55","slug":"no-sabeis-que-pedirle-a-los-reyes-salud-y-un-ejemplar-de-la-octava-edicion-de-buenas-soy-emilio-calatayud","status":"publish","type":"post","link":"https:\/\/www.granadablogs.com\/juezcalatayud\/2019\/12\/no-sabeis-que-pedirle-a-los-reyes-salud-y-un-ejemplar-de-la-octava-edicion-de-buenas-soy-emilio-calatayud\/","title":{"rendered":"\u00bfNo sab\u00e9is qu\u00e9 pedirle a los Reyes? Salud y un ejemplar de la octava edici\u00f3n de &#8216;Buenas, soy Emilio Calatayud&#8230;&#8217;"},"content":{"rendered":"<p>&nbsp;<\/p>\n<figure id=\"attachment_2951\" aria-describedby=\"caption-attachment-2951\" style=\"width: 644px\" class=\"wp-caption aligncenter\"><img loading=\"lazy\" decoding=\"async\" class=\"wp-image-2951 size-large\" src=\"https:\/\/www.granadablogs.com\/juezcalatayud\/wp-content\/uploads\/2014\/01\/Portada-libro-878x1024.jpg\" alt=\"\" width=\"644\" height=\"751\" srcset=\"https:\/\/www.granadablogs.com\/juezcalatayud\/wp-content\/uploads\/2014\/01\/Portada-libro-878x1024.jpg 878w, https:\/\/www.granadablogs.com\/juezcalatayud\/wp-content\/uploads\/2014\/01\/Portada-libro-257x300.jpg 257w, https:\/\/www.granadablogs.com\/juezcalatayud\/wp-content\/uploads\/2014\/01\/Portada-libro.jpg 1083w\" sizes=\"auto, (max-width: 644px) 100vw, 644px\" \/><figcaption id=\"caption-attachment-2951\" class=\"wp-caption-text\">La portada del libro.<\/figcaption><\/figure>\n<p>Hola, soy Carlos Mor\u00e1n, el compa\u00f1ero de blog de don Emilio. Si todav\u00eda no sab\u00e9is qu\u00e9 pedirle a los Reyes Magos, os vamos a ayudar. Lo primero es que traigan mucha salud para todos. Ponedlo en la carta que nunca est\u00e1 de m\u00e1s.<\/p>\n<p>Dicho lo importante, aqu\u00ed va otra sugerencia: Pod\u00e9is pedir a Sus Majestades un ejemplar de la octava edici\u00f3n (que est\u00e1 reci\u00e9n salida del horno) del libro &#8216;Buenas,\u00a0&#8216;Buenas, soy Emilio Calatayud y voy a hablarles de&#8230;&#8217;,\u00a0 publicado por la editorial Alienta-Planeta.<\/p>\n<p>No os prometemos que os cambiar\u00e1 la vida ni que conseguir\u00e9is que vuestros hijos aprueben todo y se olviden del m\u00f3vil. Nos conformamos con que os interese y os entretenga. Lo otro se lo dejamos a los &#8216;gur\u00fas&#8217;.<\/p>\n<p>Por lo dem\u00e1s, gracias a todos los que ya lo hab\u00e9is le\u00eddo. Es bonito que est\u00e9 teniendo una vida tan larga (sali\u00f3 en 2014).<\/p>\n<p>Firmado: El &#8216;negro&#8217; de don Emilio.<\/p>\n","protected":false},"excerpt":{"rendered":"<p>&nbsp; Hola, soy Carlos Mor\u00e1n, el compa\u00f1ero de blog de don Emilio. Si todav\u00eda no sab\u00e9is qu\u00e9 pedirle a los Reyes Magos, os vamos a ayudar. Lo primero es que traigan mucha salud para todos. Ponedlo en la carta que nunca est\u00e1 de m\u00e1s. Dicho lo importante, aqu\u00ed va otra sugerencia: Pod\u00e9is pedir a Sus [&hellip;]<\/p>\n","protected":false},"author":3,"featured_media":0,"comment_status":"open","ping_status":"open","sticky":false,"template":"","format":"standard","meta":{"jetpack_post_was_ever_published":false,"_jetpack_newsletter_access":"","_jetpack_dont_email_post_to_subs":false,"_jetpack_newsletter_tier_id":0,"_jetpack_memberships_contains_paywalled_content":false,"_jetpack_memberships_contains_paid_content":false,"footnotes":""},"categories":[1],"tags":[812,2246,2554],"class_list":["post-11931","post","type-post","status-publish","format-standard","hentry","category-blog","tag-buenas","tag-edicion","tag-octava"],"jetpack_featured_media_url":"","jetpack_shortlink":"https:\/\/wp.me\/p5fzW5-36r","jetpack-related-posts":[],"jetpack_sharing_enabled":true,"_links":{"self":[{"href":"https:\/\/www.granadablogs.com\/juezcalatayud\/wp-json\/wp\/v2\/posts\/11931","targetHints":{"allow":["GET"]}}],"collection":[{"href":"https:\/\/www.granadablogs.com\/juezcalatayud\/wp-json\/wp\/v2\/posts"}],"about":[{"href":"https:\/\/www.granadablogs.com\/juezcalatayud\/wp-json\/wp\/v2\/types\/post"}],"author":[{"embeddable":true,"href":"https:\/\/www.granadablogs.com\/juezcalatayud\/wp-json\/wp\/v2\/users\/3"}],"replies":[{"embeddable":true,"href":"https:\/\/www.granadablogs.com\/juezcalatayud\/wp-json\/wp\/v2\/comments?post=11931"}],"version-history":[{"count":5,"href":"https:\/\/www.granadablogs.com\/juezcalatayud\/wp-json\/wp\/v2\/posts\/11931\/revisions"}],"predecessor-version":[{"id":11936,"href":"https:\/\/www.granadablogs.com\/juezcalatayud\/wp-json\/wp\/v2\/posts\/11931\/revisions\/11936"}],"wp:attachment":[{"href":"https:\/\/www.granadablogs.com\/juezcalatayud\/wp-json\/wp\/v2\/media?parent=11931"}],"wp:term":[{"taxonomy":"category","embeddable":true,"href":"https:\/\/www.granadablogs.com\/juezcalatayud\/wp-json\/wp\/v2\/categories?post=11931"},{"taxonomy":"post_tag","embeddable":true,"href":"https:\/\/www.granadablogs.com\/juezcalatayud\/wp-json\/wp\/v2\/tags?post=11931"}],"curies":[{"name":"wp","href":"https:\/\/api.w.org\/{rel}","templated":true}]}}