{"id":11921,"date":"2019-12-28T17:22:06","date_gmt":"2019-12-28T15:22:06","guid":{"rendered":"https:\/\/www.granadablogs.com\/juezcalatayud\/?p=11921"},"modified":"2019-12-28T17:22:06","modified_gmt":"2019-12-28T15:22:06","slug":"descubren-un-farmaco-para-desarrollar-el-sentido-comun","status":"publish","type":"post","link":"https:\/\/www.granadablogs.com\/juezcalatayud\/2019\/12\/descubren-un-farmaco-para-desarrollar-el-sentido-comun\/","title":{"rendered":"Descubren un f\u00e1rmaco para desarrollar el sentido com\u00fan"},"content":{"rendered":"<p>&nbsp;<\/p>\n<figure id=\"attachment_11838\" aria-describedby=\"caption-attachment-11838\" style=\"width: 644px\" class=\"wp-caption aligncenter\"><img loading=\"lazy\" decoding=\"async\" class=\"wp-image-11838 size-large\" src=\"https:\/\/www.granadablogs.com\/juezcalatayud\/wp-content\/uploads\/2019\/12\/Nuevo-emi-644x429.jpg\" alt=\"\" width=\"644\" height=\"429\" srcset=\"https:\/\/www.granadablogs.com\/juezcalatayud\/wp-content\/uploads\/2019\/12\/Nuevo-emi-644x429.jpg 644w, https:\/\/www.granadablogs.com\/juezcalatayud\/wp-content\/uploads\/2019\/12\/Nuevo-emi-300x200.jpg 300w, https:\/\/www.granadablogs.com\/juezcalatayud\/wp-content\/uploads\/2019\/12\/Nuevo-emi-768x512.jpg 768w\" sizes=\"auto, (max-width: 644px) 100vw, 644px\" \/><figcaption id=\"caption-attachment-11838\" class=\"wp-caption-text\">Foto: Alfredo Aguilar<\/figcaption><\/figure>\n<p>Buenas, soy Emilio Calatayud. Dicen mis dos hermanos m\u00e9dicos (neurocirujanos, para ser exactos) que puede ser el descubrimiento del siglo XXI: un grupo internacional de investigadores (entre los que hay varios espa\u00f1oles) han descubierto un f\u00e1rmaco que sirve para desarrollar el sentido com\u00fan. Parece que todav\u00eda tardar\u00e1 un a\u00f1o o dos en llegar a las farmacias, pero, vamos, a m\u00ed me parece un invento fant\u00e1stico. Adem\u00e1s, todo apunta a que no tendr\u00e1 efectos secundarios. \u00a1Bendita ciencia! Si todo va seg\u00fan lo previsto, al mundo no lo va a conocer ni la madre que lo pari\u00f3.<\/p>\n","protected":false},"excerpt":{"rendered":"<p>&nbsp; Buenas, soy Emilio Calatayud. Dicen mis dos hermanos m\u00e9dicos (neurocirujanos, para ser exactos) que puede ser el descubrimiento del siglo XXI: un grupo internacional de investigadores (entre los que hay varios espa\u00f1oles) han descubierto un f\u00e1rmaco que sirve para desarrollar el sentido com\u00fan. Parece que todav\u00eda tardar\u00e1 un a\u00f1o o dos en llegar a [&hellip;]<\/p>\n","protected":false},"author":2,"featured_media":0,"comment_status":"open","ping_status":"open","sticky":false,"template":"","format":"standard","meta":{"jetpack_post_was_ever_published":false,"_jetpack_newsletter_access":"","_jetpack_dont_email_post_to_subs":false,"_jetpack_newsletter_tier_id":0,"_jetpack_memberships_contains_paywalled_content":false,"_jetpack_memberships_contains_paid_content":false,"footnotes":""},"categories":[1],"tags":[2553,261],"class_list":["post-11921","post","type-post","status-publish","format-standard","hentry","category-blog","tag-farmaco","tag-sentido-comun"],"jetpack_featured_media_url":"","jetpack_shortlink":"https:\/\/wp.me\/p5fzW5-36h","jetpack-related-posts":[],"jetpack_sharing_enabled":true,"_links":{"self":[{"href":"https:\/\/www.granadablogs.com\/juezcalatayud\/wp-json\/wp\/v2\/posts\/11921","targetHints":{"allow":["GET"]}}],"collection":[{"href":"https:\/\/www.granadablogs.com\/juezcalatayud\/wp-json\/wp\/v2\/posts"}],"about":[{"href":"https:\/\/www.granadablogs.com\/juezcalatayud\/wp-json\/wp\/v2\/types\/post"}],"author":[{"embeddable":true,"href":"https:\/\/www.granadablogs.com\/juezcalatayud\/wp-json\/wp\/v2\/users\/2"}],"replies":[{"embeddable":true,"href":"https:\/\/www.granadablogs.com\/juezcalatayud\/wp-json\/wp\/v2\/comments?post=11921"}],"version-history":[{"count":1,"href":"https:\/\/www.granadablogs.com\/juezcalatayud\/wp-json\/wp\/v2\/posts\/11921\/revisions"}],"predecessor-version":[{"id":11922,"href":"https:\/\/www.granadablogs.com\/juezcalatayud\/wp-json\/wp\/v2\/posts\/11921\/revisions\/11922"}],"wp:attachment":[{"href":"https:\/\/www.granadablogs.com\/juezcalatayud\/wp-json\/wp\/v2\/media?parent=11921"}],"wp:term":[{"taxonomy":"category","embeddable":true,"href":"https:\/\/www.granadablogs.com\/juezcalatayud\/wp-json\/wp\/v2\/categories?post=11921"},{"taxonomy":"post_tag","embeddable":true,"href":"https:\/\/www.granadablogs.com\/juezcalatayud\/wp-json\/wp\/v2\/tags?post=11921"}],"curies":[{"name":"wp","href":"https:\/\/api.w.org\/{rel}","templated":true}]}}