{"id":11849,"date":"2019-12-15T21:19:35","date_gmt":"2019-12-15T19:19:35","guid":{"rendered":"https:\/\/www.granadablogs.com\/juezcalatayud\/?p=11849"},"modified":"2019-12-15T21:19:35","modified_gmt":"2019-12-15T19:19:35","slug":"ojala-se-recupere-el-nino-de-12-anos-que-esta-en-la-uci-por-una-borrachera-a-ver-si-aprendemos-todos-y-no-se-repite","status":"publish","type":"post","link":"https:\/\/www.granadablogs.com\/juezcalatayud\/2019\/12\/ojala-se-recupere-el-nino-de-12-anos-que-esta-en-la-uci-por-una-borrachera-a-ver-si-aprendemos-todos-y-no-se-repite\/","title":{"rendered":"Ojal\u00e1 se recupere el ni\u00f1o de 12 a\u00f1os que est\u00e1 en la UCI por una borrachera, a ver si aprendemos todos y no se repite"},"content":{"rendered":"<p>&nbsp;<\/p>\n<p><img loading=\"lazy\" decoding=\"async\" class=\"aligncenter wp-image-9176 size-full\" src=\"https:\/\/www.granadablogs.com\/juezcalatayud\/wp-content\/uploads\/2018\/09\/Corbata.jpg\" alt=\"\" width=\"620\" height=\"349\" srcset=\"https:\/\/www.granadablogs.com\/juezcalatayud\/wp-content\/uploads\/2018\/09\/Corbata.jpg 620w, https:\/\/www.granadablogs.com\/juezcalatayud\/wp-content\/uploads\/2018\/09\/Corbata-300x169.jpg 300w\" sizes=\"auto, (max-width: 620px) 100vw, 620px\" \/>Buenas, soy Emilio Calatayud. Un ni\u00f1o de doce a\u00f1os est\u00e1 ingresado en la UCI en Murcia por una borrachera. Su estado es muy grave. Esperamos que se recupere, que es lo principal. Y a ver si aprendemos todos y esto no se repite. Se nos olvida que, para los menores, el alcohol es la droga m\u00e1s f\u00e1cil de conseguir. Menos mal que est\u00e1 prohibido vender alcohol a los menores: es iron\u00eda.<\/p>\n<p>Universidades, gobiernos, etc hacen muchos estudios sobre el consumo de alcohol entre los menores. En la justicia de Menores, por desgracia, ya sabemos que la edad de acceso al alcohol es cada vez m\u00e1s baja. Y se consume a lo bruto, muy r\u00e1pido y mucha cantidad. Y esto hace que esa pr\u00e1ctica sea particularmente peligrosa para los menores.<\/p>\n<p>&nbsp;<\/p>\n","protected":false},"excerpt":{"rendered":"<p>&nbsp; Buenas, soy Emilio Calatayud. Un ni\u00f1o de doce a\u00f1os est\u00e1 ingresado en la UCI en Murcia por una borrachera. Su estado es muy grave. Esperamos que se recupere, que es lo principal. Y a ver si aprendemos todos y esto no se repite. Se nos olvida que, para los menores, el alcohol es la [&hellip;]<\/p>\n","protected":false},"author":2,"featured_media":0,"comment_status":"open","ping_status":"open","sticky":false,"template":"","format":"standard","meta":{"jetpack_post_was_ever_published":false,"_jetpack_newsletter_access":"","_jetpack_dont_email_post_to_subs":false,"_jetpack_newsletter_tier_id":0,"_jetpack_memberships_contains_paywalled_content":false,"_jetpack_memberships_contains_paid_content":false,"footnotes":""},"categories":[1],"tags":[23,207,2544],"class_list":["post-11849","post","type-post","status-publish","format-standard","hentry","category-blog","tag-alcohol","tag-nino","tag-uci"],"jetpack_featured_media_url":"","jetpack_shortlink":"https:\/\/wp.me\/p5fzW5-357","jetpack-related-posts":[],"jetpack_sharing_enabled":true,"_links":{"self":[{"href":"https:\/\/www.granadablogs.com\/juezcalatayud\/wp-json\/wp\/v2\/posts\/11849","targetHints":{"allow":["GET"]}}],"collection":[{"href":"https:\/\/www.granadablogs.com\/juezcalatayud\/wp-json\/wp\/v2\/posts"}],"about":[{"href":"https:\/\/www.granadablogs.com\/juezcalatayud\/wp-json\/wp\/v2\/types\/post"}],"author":[{"embeddable":true,"href":"https:\/\/www.granadablogs.com\/juezcalatayud\/wp-json\/wp\/v2\/users\/2"}],"replies":[{"embeddable":true,"href":"https:\/\/www.granadablogs.com\/juezcalatayud\/wp-json\/wp\/v2\/comments?post=11849"}],"version-history":[{"count":3,"href":"https:\/\/www.granadablogs.com\/juezcalatayud\/wp-json\/wp\/v2\/posts\/11849\/revisions"}],"predecessor-version":[{"id":11852,"href":"https:\/\/www.granadablogs.com\/juezcalatayud\/wp-json\/wp\/v2\/posts\/11849\/revisions\/11852"}],"wp:attachment":[{"href":"https:\/\/www.granadablogs.com\/juezcalatayud\/wp-json\/wp\/v2\/media?parent=11849"}],"wp:term":[{"taxonomy":"category","embeddable":true,"href":"https:\/\/www.granadablogs.com\/juezcalatayud\/wp-json\/wp\/v2\/categories?post=11849"},{"taxonomy":"post_tag","embeddable":true,"href":"https:\/\/www.granadablogs.com\/juezcalatayud\/wp-json\/wp\/v2\/tags?post=11849"}],"curies":[{"name":"wp","href":"https:\/\/api.w.org\/{rel}","templated":true}]}}