{"id":11669,"date":"2019-11-10T19:47:52","date_gmt":"2019-11-10T17:47:52","guid":{"rendered":"https:\/\/www.granadablogs.com\/juezcalatayud\/?p=11669"},"modified":"2019-11-10T19:47:52","modified_gmt":"2019-11-10T17:47:52","slug":"las-personas-mayores-son-las-que-mas-madrugan-para-votar-a-pesar-de-los-politicos-siempre-los-primeros","status":"publish","type":"post","link":"https:\/\/www.granadablogs.com\/juezcalatayud\/2019\/11\/las-personas-mayores-son-las-que-mas-madrugan-para-votar-a-pesar-de-los-politicos-siempre-los-primeros\/","title":{"rendered":"Las personas mayores son las que m\u00e1s madrugan para votar: a pesar de los pol\u00edticos, siempre los primeros"},"content":{"rendered":"<p>&nbsp;<\/p>\n<figure id=\"attachment_7727\" aria-describedby=\"caption-attachment-7727\" style=\"width: 644px\" class=\"wp-caption aligncenter\"><img loading=\"lazy\" decoding=\"async\" class=\"wp-image-7727 size-large\" src=\"https:\/\/www.granadablogs.com\/juezcalatayud\/wp-content\/uploads\/2018\/02\/juezjuez-644x398.jpg\" alt=\"\" width=\"644\" height=\"398\" srcset=\"https:\/\/www.granadablogs.com\/juezcalatayud\/wp-content\/uploads\/2018\/02\/juezjuez-644x398.jpg 644w, https:\/\/www.granadablogs.com\/juezcalatayud\/wp-content\/uploads\/2018\/02\/juezjuez-300x185.jpg 300w, https:\/\/www.granadablogs.com\/juezcalatayud\/wp-content\/uploads\/2018\/02\/juezjuez.jpg 648w\" sizes=\"auto, (max-width: 644px) 100vw, 644px\" \/><figcaption id=\"caption-attachment-7727\" class=\"wp-caption-text\">IDEAL.<\/figcaption><\/figure>\n<p>Buenas, soy Emilio Calatayud.\u00a0 Admiro a las personas mayores. Siempre digo que si no fuera juez de Menores, me gustar\u00eda ser juez de mayores (una especialidad que no existe, pero que deber\u00eda existir). Si os fij\u00e1is, son los que m\u00e1s madrugan para votar. Siempre dando ejemplo. Demuestran bastante m\u00e1s responsabilidad que los l\u00edderes pol\u00edticos que solo se ponen de acuerdo para no estar de acuerdo, Y as\u00ed nos va.<\/p>\n<p>A pesar de los pol\u00edticos, los mayores siempre son los primeros. Mis respetos.<\/p>\n<p>Por cierto, yo ya he votado, m\u00e1s tarde que los mayores, pero he votado. Que gane el mejor o el menos malo.<\/p>\n","protected":false},"excerpt":{"rendered":"<p>&nbsp; Buenas, soy Emilio Calatayud.\u00a0 Admiro a las personas mayores. Siempre digo que si no fuera juez de Menores, me gustar\u00eda ser juez de mayores (una especialidad que no existe, pero que deber\u00eda existir). Si os fij\u00e1is, son los que m\u00e1s madrugan para votar. Siempre dando ejemplo. Demuestran bastante m\u00e1s responsabilidad que los l\u00edderes pol\u00edticos [&hellip;]<\/p>\n","protected":false},"author":2,"featured_media":0,"comment_status":"open","ping_status":"open","sticky":false,"template":"","format":"standard","meta":{"jetpack_post_was_ever_published":false,"_jetpack_newsletter_access":"","_jetpack_dont_email_post_to_subs":false,"_jetpack_newsletter_tier_id":0,"_jetpack_memberships_contains_paywalled_content":false,"_jetpack_memberships_contains_paid_content":false,"footnotes":""},"categories":[1],"tags":[793,1300],"class_list":["post-11669","post","type-post","status-publish","format-standard","hentry","category-blog","tag-elecciones","tag-mayores"],"jetpack_featured_media_url":"","jetpack_shortlink":"https:\/\/wp.me\/p5fzW5-32d","jetpack-related-posts":[],"jetpack_sharing_enabled":true,"_links":{"self":[{"href":"https:\/\/www.granadablogs.com\/juezcalatayud\/wp-json\/wp\/v2\/posts\/11669","targetHints":{"allow":["GET"]}}],"collection":[{"href":"https:\/\/www.granadablogs.com\/juezcalatayud\/wp-json\/wp\/v2\/posts"}],"about":[{"href":"https:\/\/www.granadablogs.com\/juezcalatayud\/wp-json\/wp\/v2\/types\/post"}],"author":[{"embeddable":true,"href":"https:\/\/www.granadablogs.com\/juezcalatayud\/wp-json\/wp\/v2\/users\/2"}],"replies":[{"embeddable":true,"href":"https:\/\/www.granadablogs.com\/juezcalatayud\/wp-json\/wp\/v2\/comments?post=11669"}],"version-history":[{"count":4,"href":"https:\/\/www.granadablogs.com\/juezcalatayud\/wp-json\/wp\/v2\/posts\/11669\/revisions"}],"predecessor-version":[{"id":11673,"href":"https:\/\/www.granadablogs.com\/juezcalatayud\/wp-json\/wp\/v2\/posts\/11669\/revisions\/11673"}],"wp:attachment":[{"href":"https:\/\/www.granadablogs.com\/juezcalatayud\/wp-json\/wp\/v2\/media?parent=11669"}],"wp:term":[{"taxonomy":"category","embeddable":true,"href":"https:\/\/www.granadablogs.com\/juezcalatayud\/wp-json\/wp\/v2\/categories?post=11669"},{"taxonomy":"post_tag","embeddable":true,"href":"https:\/\/www.granadablogs.com\/juezcalatayud\/wp-json\/wp\/v2\/tags?post=11669"}],"curies":[{"name":"wp","href":"https:\/\/api.w.org\/{rel}","templated":true}]}}