{"id":11624,"date":"2019-11-03T21:00:38","date_gmt":"2019-11-03T19:00:38","guid":{"rendered":"https:\/\/www.granadablogs.com\/juezcalatayud\/?p=11624"},"modified":"2019-11-03T21:01:53","modified_gmt":"2019-11-03T19:01:53","slug":"me-condenaria-a-a-mi-mismo-a-no-hacer-nada-y-luego-descansar","status":"publish","type":"post","link":"https:\/\/www.granadablogs.com\/juezcalatayud\/2019\/11\/me-condenaria-a-a-mi-mismo-a-no-hacer-nada-y-luego-descansar\/","title":{"rendered":"\u00abMe condenar\u00eda a m\u00ed mismo a no hacer nada y luego descansar\u00bb"},"content":{"rendered":"<p>&nbsp;<\/p>\n<figure id=\"attachment_8951\" aria-describedby=\"caption-attachment-8951\" style=\"width: 624px\" class=\"wp-caption aligncenter\"><img loading=\"lazy\" decoding=\"async\" class=\"wp-image-8951 size-full\" src=\"https:\/\/www.granadablogs.com\/juezcalatayud\/wp-content\/uploads\/2018\/08\/Emil.jpeg\" alt=\"\" width=\"624\" height=\"624\" \/><figcaption id=\"caption-attachment-8951\" class=\"wp-caption-text\">ideal.es<\/figcaption><\/figure>\n<p>Hola, soy Carlos Mor\u00e1n. IDEAL publica hoy una conversaci\u00f3n que mantuvimos don Emilio y un servidor de ustedes hace cinco d\u00edas. En la entrevista, el juez hace gala de su habitual buen humor, \u00abMe condenar\u00eda a m\u00ed mismo a no hacer nada y luego descansar\u00bb, pero tambi\u00e9n se emociona cuando habla de las emociones, valga la redundancia, y el paso de los a\u00f1os. Aqu\u00ed os dejamos un fragmento del di\u00e1logo. La entrevista completa est\u00e1 en IDEAL de papel y\u00a0<a href=\"https:\/\/www.ideal.es\/granada\/juez-calatayud-creo-20191103182521-nt.html\">https:\/\/www.ideal.es\/granada\/juez-calatayud-creo-20191103182521-nt.html\u00a0<\/a><\/p>\n<p><strong>\u2013\u00daltimamente suele emocionarse con facilidad, \u00bfpor qu\u00e9?<\/strong><\/p>\n<p>\u00abEs la edad. Te callas menos y te reprimes menos&#8230; tanto al hacer declaraciones como al expresar los sentimientos. Te emocionas mucho m\u00e1s. Yes bueno. Me emociono, sobre todo, cuando tengo que hablar de mis sentimientos. No puedo. Me emociono. Soy un llorica\u00bb.<\/p>\n<p><strong>\u2013\u00bfC\u00f3mo es un buen d\u00eda para usted?<\/strong><\/p>\n<p>\u2013 \u00abUn d\u00eda tranquilo&#8230; tranquilo de esp\u00edritu, ja, ja, ja. Las prisas me gustan cada vez menos. Voy al juzgado, despacho los asuntos, celebro mis juicios, me tomo mi cervecita, como, echo mi &#8216;siestecica&#8217; de media hora, paseo, me tomo otra cervecita, ceno y a dormir. Tranquilo, sin prisas. Dieta mediterr\u00e1nea, ja, ja, ja. Antes iba mucho m\u00e1s acelerado.<\/p>\n<p><strong>\u2013Hay personas que suelen animarle para que se meta en pol\u00edtica&#8230;<\/strong><\/p>\n<p>\u2013\u00bbAlgunos me han tirado los tejos, pero les he dicho que no. No me veo en el mundo de la pol\u00edtica. Adem\u00e1s, pierdo mi independencia y no valgo para eso. Soy un juez de Menores. Nada m\u00e1s. Puedo echar una mano a m\u00ed pa\u00eds y a todos los partidos si me piden mi opini\u00f3n. Pero no estoy preparado para la pol\u00edtica. Tengo una vida personal muy feliz. Ytambi\u00e9n tengo mi c\u00e1ncer de pr\u00f3stata, as\u00ed que debo llevar una vida organizada. El c\u00e1ncer est\u00e1 controlado, pero tengo que hacerme revisiones, etc. Hay que llevar una vida ordenada. Adem\u00e1s, no tengo vestuario suficiente para ser pol\u00edtico:hoy traje de etiqueta, hoy informal, hoy&#8230;, ja, ja, ja\u00bb.<\/p>\n","protected":false},"excerpt":{"rendered":"<p>&nbsp; Hola, soy Carlos Mor\u00e1n. IDEAL publica hoy una conversaci\u00f3n que mantuvimos don Emilio y un servidor de ustedes hace cinco d\u00edas. En la entrevista, el juez hace gala de su habitual buen humor, \u00abMe condenar\u00eda a m\u00ed mismo a no hacer nada y luego descansar\u00bb, pero tambi\u00e9n se emociona cuando habla de las emociones, [&hellip;]<\/p>\n","protected":false},"author":3,"featured_media":0,"comment_status":"open","ping_status":"open","sticky":false,"template":"","format":"standard","meta":{"jetpack_post_was_ever_published":false,"_jetpack_newsletter_access":"","_jetpack_dont_email_post_to_subs":false,"_jetpack_newsletter_tier_id":0,"_jetpack_memberships_contains_paywalled_content":false,"_jetpack_memberships_contains_paid_content":false,"footnotes":""},"categories":[1],"tags":[22,531],"class_list":["post-11624","post","type-post","status-publish","format-standard","hentry","category-blog","tag-entrevista","tag-ideal"],"jetpack_featured_media_url":"","jetpack_shortlink":"https:\/\/wp.me\/p5fzW5-31u","jetpack-related-posts":[],"jetpack_sharing_enabled":true,"_links":{"self":[{"href":"https:\/\/www.granadablogs.com\/juezcalatayud\/wp-json\/wp\/v2\/posts\/11624","targetHints":{"allow":["GET"]}}],"collection":[{"href":"https:\/\/www.granadablogs.com\/juezcalatayud\/wp-json\/wp\/v2\/posts"}],"about":[{"href":"https:\/\/www.granadablogs.com\/juezcalatayud\/wp-json\/wp\/v2\/types\/post"}],"author":[{"embeddable":true,"href":"https:\/\/www.granadablogs.com\/juezcalatayud\/wp-json\/wp\/v2\/users\/3"}],"replies":[{"embeddable":true,"href":"https:\/\/www.granadablogs.com\/juezcalatayud\/wp-json\/wp\/v2\/comments?post=11624"}],"version-history":[{"count":5,"href":"https:\/\/www.granadablogs.com\/juezcalatayud\/wp-json\/wp\/v2\/posts\/11624\/revisions"}],"predecessor-version":[{"id":11629,"href":"https:\/\/www.granadablogs.com\/juezcalatayud\/wp-json\/wp\/v2\/posts\/11624\/revisions\/11629"}],"wp:attachment":[{"href":"https:\/\/www.granadablogs.com\/juezcalatayud\/wp-json\/wp\/v2\/media?parent=11624"}],"wp:term":[{"taxonomy":"category","embeddable":true,"href":"https:\/\/www.granadablogs.com\/juezcalatayud\/wp-json\/wp\/v2\/categories?post=11624"},{"taxonomy":"post_tag","embeddable":true,"href":"https:\/\/www.granadablogs.com\/juezcalatayud\/wp-json\/wp\/v2\/tags?post=11624"}],"curies":[{"name":"wp","href":"https:\/\/api.w.org\/{rel}","templated":true}]}}