{"id":11592,"date":"2019-10-27T21:09:20","date_gmt":"2019-10-27T19:09:20","guid":{"rendered":"https:\/\/www.granadablogs.com\/juezcalatayud\/?p=11592"},"modified":"2019-10-27T21:09:20","modified_gmt":"2019-10-27T19:09:20","slug":"les-compramos-moviles-con-ocho-anos-los-mandamos-al-instituto-con-doce-y-a-los-30-siguen-siendo-ninos-algo-falla","status":"publish","type":"post","link":"https:\/\/www.granadablogs.com\/juezcalatayud\/2019\/10\/les-compramos-moviles-con-ocho-anos-los-mandamos-al-instituto-con-doce-y-a-los-30-siguen-siendo-ninos-algo-falla\/","title":{"rendered":"Les compramos m\u00f3viles con ocho a\u00f1os, los mandamos al instituto con doce&#8230; y a los 30 siguen siendo ni\u00f1os: algo falla"},"content":{"rendered":"<p>&nbsp;<\/p>\n<figure id=\"attachment_9144\" aria-describedby=\"caption-attachment-9144\" style=\"width: 624px\" class=\"wp-caption aligncenter\"><img loading=\"lazy\" decoding=\"async\" class=\"wp-image-9144 size-full\" src=\"https:\/\/www.granadablogs.com\/juezcalatayud\/wp-content\/uploads\/2018\/09\/juezcalatayudIF0AOL81-kD0E-U40400908947tBD-624x385@Diario-Sur.jpg\" alt=\"\" width=\"624\" height=\"385\" srcset=\"https:\/\/www.granadablogs.com\/juezcalatayud\/wp-content\/uploads\/2018\/09\/juezcalatayudIF0AOL81-kD0E-U40400908947tBD-624x385@Diario-Sur.jpg 624w, https:\/\/www.granadablogs.com\/juezcalatayud\/wp-content\/uploads\/2018\/09\/juezcalatayudIF0AOL81-kD0E-U40400908947tBD-624x385@Diario-Sur-300x185.jpg 300w\" sizes=\"auto, (max-width: 624px) 100vw, 624px\" \/><figcaption id=\"caption-attachment-9144\" class=\"wp-caption-text\">diariosur.es<\/figcaption><\/figure>\n<p>Buenas, soy Emilio Calatayud. La sociedad, o sea, nosotros, parecemos empe\u00f1ados en que nuestros ni\u00f1os crezcan aceleradamente. Es como si quisi\u00e9ramos que madurasen antes de tiempo. Da la impresi\u00f3n de que la infancia nos molesta, como si vi\u00e9ramos esa etapa como improductiva en un tiempo en que todo se mide en t\u00e9rminos econ\u00f3micos y financieros. El caso es que compramos a los ni\u00f1os m\u00f3viles cuando solo tienen ocho a\u00f1os, los mandamos al instituto con doce a\u00f1os&#8230; El resultado: que muchos de ellos siguen siendo ni\u00f1os cuando cumplen los treinta o los cuarenta. Algo falla&#8230;, digo yo.<\/p>\n","protected":false},"excerpt":{"rendered":"<p>&nbsp; Buenas, soy Emilio Calatayud. La sociedad, o sea, nosotros, parecemos empe\u00f1ados en que nuestros ni\u00f1os crezcan aceleradamente. Es como si quisi\u00e9ramos que madurasen antes de tiempo. Da la impresi\u00f3n de que la infancia nos molesta, como si vi\u00e9ramos esa etapa como improductiva en un tiempo en que todo se mide en t\u00e9rminos econ\u00f3micos y [&hellip;]<\/p>\n","protected":false},"author":2,"featured_media":0,"comment_status":"open","ping_status":"open","sticky":false,"template":"","format":"standard","meta":{"jetpack_post_was_ever_published":false,"_jetpack_newsletter_access":"","_jetpack_dont_email_post_to_subs":false,"_jetpack_newsletter_tier_id":0,"_jetpack_memberships_contains_paywalled_content":false,"_jetpack_memberships_contains_paid_content":false,"footnotes":""},"categories":[1],"tags":[1940,237,41],"class_list":["post-11592","post","type-post","status-publish","format-standard","hentry","category-blog","tag-instituto","tag-moviles","tag-ninos"],"jetpack_featured_media_url":"","jetpack_shortlink":"https:\/\/wp.me\/p5fzW5-30Y","jetpack-related-posts":[],"jetpack_sharing_enabled":true,"_links":{"self":[{"href":"https:\/\/www.granadablogs.com\/juezcalatayud\/wp-json\/wp\/v2\/posts\/11592","targetHints":{"allow":["GET"]}}],"collection":[{"href":"https:\/\/www.granadablogs.com\/juezcalatayud\/wp-json\/wp\/v2\/posts"}],"about":[{"href":"https:\/\/www.granadablogs.com\/juezcalatayud\/wp-json\/wp\/v2\/types\/post"}],"author":[{"embeddable":true,"href":"https:\/\/www.granadablogs.com\/juezcalatayud\/wp-json\/wp\/v2\/users\/2"}],"replies":[{"embeddable":true,"href":"https:\/\/www.granadablogs.com\/juezcalatayud\/wp-json\/wp\/v2\/comments?post=11592"}],"version-history":[{"count":2,"href":"https:\/\/www.granadablogs.com\/juezcalatayud\/wp-json\/wp\/v2\/posts\/11592\/revisions"}],"predecessor-version":[{"id":11594,"href":"https:\/\/www.granadablogs.com\/juezcalatayud\/wp-json\/wp\/v2\/posts\/11592\/revisions\/11594"}],"wp:attachment":[{"href":"https:\/\/www.granadablogs.com\/juezcalatayud\/wp-json\/wp\/v2\/media?parent=11592"}],"wp:term":[{"taxonomy":"category","embeddable":true,"href":"https:\/\/www.granadablogs.com\/juezcalatayud\/wp-json\/wp\/v2\/categories?post=11592"},{"taxonomy":"post_tag","embeddable":true,"href":"https:\/\/www.granadablogs.com\/juezcalatayud\/wp-json\/wp\/v2\/tags?post=11592"}],"curies":[{"name":"wp","href":"https:\/\/api.w.org\/{rel}","templated":true}]}}