{"id":1150,"date":"2011-03-04T16:11:43","date_gmt":"2011-03-04T15:11:43","guid":{"rendered":"http:\/\/www.granadablogs.com\/juezcalatayud\/?p=1150"},"modified":"2011-03-04T16:12:03","modified_gmt":"2011-03-04T15:12:03","slug":"retirados-deldisfraces-y-caretas-para-ninos-por-su-facilidad-para-incendiarse","status":"publish","type":"post","link":"https:\/\/www.granadablogs.com\/juezcalatayud\/2011\/03\/retirados-deldisfraces-y-caretas-para-ninos-por-su-facilidad-para-incendiarse\/","title":{"rendered":"Retirados disfraces y caretas para ni\u00f1os por su facilidad para incendiarse"},"content":{"rendered":"<p class=\"resumeArcticle\" style=\"font-size: 13px;\">Seguimos con los disfraces de Carnaval. La Junta de Andaluc\u00eda ya ha retidado varios del mercado por suponer un peligro para los ni\u00f1os. Aqu\u00ed van la descripciones. La informaci\u00f3n es de la agencia Europa Press. \u00abLa Direcci\u00f3n General de Consumo de la Consejer\u00eda de Salud de Andaluc\u00eda ha incluido en la red nacional de alerta cuatro art\u00edculos para ni\u00f1os, en concreto dos disfraces -de pastora (talla 7-9 a\u00f1os) y otro de pastor (talla 4-6 a\u00f1os)- y dos caretas, una de pirata y otra de punky con pelo rosa y gafas-, por prender f\u00e1cilmente y suponer un riesgo de quemaduras. Los cuatro productos han sido analizados en el Laboratorio de la Asociaci\u00f3n de Investigaci\u00f3n de la Industria del Juguete (AIJU) y, una vez notificada la alerta a todas las comunidades aut\u00f3nomas, se ha retirado del mercado.<\/p>\n<p class=\"resumeArcticle\" style=\"font-size: 13px;\">En el conjunto de Espa\u00f1a, en 2010 se han notificado un total de 32 alertas (21 disfraces, 9 m\u00e1scaras y 2 caretas) que presentaban riesgo de asfixia (17), estrangulamiento (3), incendio (4), intoxicaci\u00f3n (7) o quemaduras (9). En cifras absolutas, se han retirado 141 unidades\u00bb.<\/p>\n<p class=\"resumeArcticle\" style=\"font-size: 13px;\">La verdad es que un poco inquietente todo esto. Pero, bueno, a disfrutar del Carnaval. Precavidos s\u00ed, pero aguafiestas no.<\/p>\n<p class=\"resumeArcticle\" style=\"font-size: 13px;\">\u00a0<\/p>\n<p class=\"resumeArcticle\" style=\"font-size: 13px;\">\u00a0<\/p>\n","protected":false},"excerpt":{"rendered":"<p>Seguimos con los disfraces de Carnaval. La Junta de Andaluc\u00eda ya ha retidado varios del mercado por suponer un peligro para los ni\u00f1os. Aqu\u00ed van la descripciones. La informaci\u00f3n es de la agencia Europa Press. \u00abLa Direcci\u00f3n General de Consumo de la Consejer\u00eda de Salud de Andaluc\u00eda ha incluido en la red nacional de alerta [&hellip;]<\/p>\n","protected":false},"author":3,"featured_media":0,"comment_status":"open","ping_status":"open","sticky":false,"template":"","format":"standard","meta":{"jetpack_post_was_ever_published":false,"_jetpack_newsletter_access":"","_jetpack_dont_email_post_to_subs":false,"_jetpack_newsletter_tier_id":0,"_jetpack_memberships_contains_paywalled_content":false,"_jetpack_memberships_contains_paid_content":false,"footnotes":""},"categories":[1],"tags":[],"class_list":["post-1150","post","type-post","status-publish","format-standard","hentry","category-blog"],"jetpack_featured_media_url":"","jetpack_shortlink":"https:\/\/wp.me\/p5fzW5-iy","jetpack-related-posts":[],"jetpack_sharing_enabled":true,"_links":{"self":[{"href":"https:\/\/www.granadablogs.com\/juezcalatayud\/wp-json\/wp\/v2\/posts\/1150","targetHints":{"allow":["GET"]}}],"collection":[{"href":"https:\/\/www.granadablogs.com\/juezcalatayud\/wp-json\/wp\/v2\/posts"}],"about":[{"href":"https:\/\/www.granadablogs.com\/juezcalatayud\/wp-json\/wp\/v2\/types\/post"}],"author":[{"embeddable":true,"href":"https:\/\/www.granadablogs.com\/juezcalatayud\/wp-json\/wp\/v2\/users\/3"}],"replies":[{"embeddable":true,"href":"https:\/\/www.granadablogs.com\/juezcalatayud\/wp-json\/wp\/v2\/comments?post=1150"}],"version-history":[{"count":2,"href":"https:\/\/www.granadablogs.com\/juezcalatayud\/wp-json\/wp\/v2\/posts\/1150\/revisions"}],"predecessor-version":[{"id":1152,"href":"https:\/\/www.granadablogs.com\/juezcalatayud\/wp-json\/wp\/v2\/posts\/1150\/revisions\/1152"}],"wp:attachment":[{"href":"https:\/\/www.granadablogs.com\/juezcalatayud\/wp-json\/wp\/v2\/media?parent=1150"}],"wp:term":[{"taxonomy":"category","embeddable":true,"href":"https:\/\/www.granadablogs.com\/juezcalatayud\/wp-json\/wp\/v2\/categories?post=1150"},{"taxonomy":"post_tag","embeddable":true,"href":"https:\/\/www.granadablogs.com\/juezcalatayud\/wp-json\/wp\/v2\/tags?post=1150"}],"curies":[{"name":"wp","href":"https:\/\/api.w.org\/{rel}","templated":true}]}}