{"id":11482,"date":"2019-10-07T23:44:36","date_gmt":"2019-10-07T21:44:36","guid":{"rendered":"https:\/\/www.granadablogs.com\/juezcalatayud\/?p=11482"},"modified":"2019-10-07T23:44:36","modified_gmt":"2019-10-07T21:44:36","slug":"soy-una-madre-rara","status":"publish","type":"post","link":"https:\/\/www.granadablogs.com\/juezcalatayud\/2019\/10\/soy-una-madre-rara\/","title":{"rendered":"\u00abSoy una madre rara\u00bb"},"content":{"rendered":"<p>&nbsp;<\/p>\n<figure id=\"attachment_8926\" aria-describedby=\"caption-attachment-8926\" style=\"width: 620px\" class=\"wp-caption aligncenter\"><img loading=\"lazy\" decoding=\"async\" class=\"wp-image-8926 size-full\" src=\"https:\/\/www.granadablogs.com\/juezcalatayud\/wp-content\/uploads\/2018\/08\/Pater.jpg\" alt=\"\" width=\"620\" height=\"349\" srcset=\"https:\/\/www.granadablogs.com\/juezcalatayud\/wp-content\/uploads\/2018\/08\/Pater.jpg 620w, https:\/\/www.granadablogs.com\/juezcalatayud\/wp-content\/uploads\/2018\/08\/Pater-300x169.jpg 300w\" sizes=\"auto, (max-width: 620px) 100vw, 620px\" \/><figcaption id=\"caption-attachment-8926\" class=\"wp-caption-text\">abc.es<\/figcaption><\/figure>\n<p>Buenas, soy Emilio Calatayud. Por problemas lejanamente t\u00e9cnicos hoy vamos pel\u00edn tarde. Pero nos gusta cumplir aunque no sea con puntualidad. A lo que \u00edbamos, este autorretrato es de una lectora del blog. Espero que os guste. \u00abTengo una duda: en el mundo que vivimos mis hijos de 6 y 8 a\u00f1os tienen una madre muy rara a la que no le gustan las actividades extraescolares a no ser que las elijan ellos de verdad; me gusta salir a pasear por las tardes con ellos;\u00a0 me gusta cocinar con ellos y no apuntarlos a cursos de cocina&#8230; Y tambi\u00e9n me gustar\u00eda que los cumplea\u00f1os fueran un sandwich de nocilla y no tanta bobada.Y me encantar\u00eda que no tuvieran m\u00f3vil hasta los 18. No s\u00e9 c\u00f3mo voy a sobrevivir\u00bb.<\/p>\n<p>Lo \u00fanico que puedo decir es que yo tambi\u00e9n soy algo raro.<\/p>\n","protected":false},"excerpt":{"rendered":"<p>&nbsp; Buenas, soy Emilio Calatayud. Por problemas lejanamente t\u00e9cnicos hoy vamos pel\u00edn tarde. Pero nos gusta cumplir aunque no sea con puntualidad. A lo que \u00edbamos, este autorretrato es de una lectora del blog. Espero que os guste. \u00abTengo una duda: en el mundo que vivimos mis hijos de 6 y 8 a\u00f1os tienen una [&hellip;]<\/p>\n","protected":false},"author":2,"featured_media":0,"comment_status":"open","ping_status":"open","sticky":false,"template":"","format":"standard","meta":{"jetpack_post_was_ever_published":false,"_jetpack_newsletter_access":"","_jetpack_dont_email_post_to_subs":false,"_jetpack_newsletter_tier_id":0,"_jetpack_memberships_contains_paywalled_content":false,"_jetpack_memberships_contains_paid_content":false,"footnotes":""},"categories":[1],"tags":[369,2499],"class_list":["post-11482","post","type-post","status-publish","format-standard","hentry","category-blog","tag-madre","tag-rara"],"jetpack_featured_media_url":"","jetpack_shortlink":"https:\/\/wp.me\/p5fzW5-2Zc","jetpack-related-posts":[],"jetpack_sharing_enabled":true,"_links":{"self":[{"href":"https:\/\/www.granadablogs.com\/juezcalatayud\/wp-json\/wp\/v2\/posts\/11482","targetHints":{"allow":["GET"]}}],"collection":[{"href":"https:\/\/www.granadablogs.com\/juezcalatayud\/wp-json\/wp\/v2\/posts"}],"about":[{"href":"https:\/\/www.granadablogs.com\/juezcalatayud\/wp-json\/wp\/v2\/types\/post"}],"author":[{"embeddable":true,"href":"https:\/\/www.granadablogs.com\/juezcalatayud\/wp-json\/wp\/v2\/users\/2"}],"replies":[{"embeddable":true,"href":"https:\/\/www.granadablogs.com\/juezcalatayud\/wp-json\/wp\/v2\/comments?post=11482"}],"version-history":[{"count":2,"href":"https:\/\/www.granadablogs.com\/juezcalatayud\/wp-json\/wp\/v2\/posts\/11482\/revisions"}],"predecessor-version":[{"id":11491,"href":"https:\/\/www.granadablogs.com\/juezcalatayud\/wp-json\/wp\/v2\/posts\/11482\/revisions\/11491"}],"wp:attachment":[{"href":"https:\/\/www.granadablogs.com\/juezcalatayud\/wp-json\/wp\/v2\/media?parent=11482"}],"wp:term":[{"taxonomy":"category","embeddable":true,"href":"https:\/\/www.granadablogs.com\/juezcalatayud\/wp-json\/wp\/v2\/categories?post=11482"},{"taxonomy":"post_tag","embeddable":true,"href":"https:\/\/www.granadablogs.com\/juezcalatayud\/wp-json\/wp\/v2\/tags?post=11482"}],"curies":[{"name":"wp","href":"https:\/\/api.w.org\/{rel}","templated":true}]}}