{"id":1143,"date":"2011-02-26T17:51:45","date_gmt":"2011-02-26T16:51:45","guid":{"rendered":"http:\/\/www.granadablogs.com\/juezcalatayud\/?p=1143"},"modified":"2011-02-26T17:52:07","modified_gmt":"2011-02-26T16:52:07","slug":"rupturas-familiares-desempleo-minan-la-salud-mental-de-los","status":"publish","type":"post","link":"https:\/\/www.granadablogs.com\/juezcalatayud\/2011\/02\/rupturas-familiares-desempleo-minan-la-salud-mental-de-los\/","title":{"rendered":"Rupturas familiares, desempleo&#8230; minan la salud mental de los menores"},"content":{"rendered":"<p class=\"resumeArcticle\" style=\"font-size: 13px;\">M\u00e1s sobre el estudio de Unicef del que dimos cuenta en el &#8216;post&#8217; anterior. Las rupturas familiares o el desempleo est\u00e1n contribuyendo a deteriorar la salud mental de los adolescentes.\u00a0Un tema interesante del que hablaremos m\u00e1s en profundidad.\u00a0La informaci\u00f3n es de la agencia Colpisa. \u00abSe estima que el 20% de los 1.200 millones adolescentes de todo el mundo tienen problemas mentales o de comportamiento. La depresi\u00f3n es la enfermedad que m\u00e1s contribuye a la carga mundial de morbilidad entre los j\u00f3venes de 15 a 19 a\u00f1os.<\/p>\n<p class=\"resumeArcticle\" style=\"font-size: 13px;\">El suicidio es una de las tres causas principales de mortalidad entre las personas de 15 a 35 a\u00f1os. En conjunto, unos 71.000 adolescentes se quitan la vida anualmente en el mundo y una cifra 40 veces superior lo intenta.<\/p>\n<p class=\"resumeArcticle\" style=\"font-size: 13px;\">El informe destaca que cerca de la mitad de los trastornos mentales se manifiestan antes de los 14 a\u00f1os y el 70% antes de los 24. El deterioro de la salud mental de los adolescente se ha incrementado de manera notable en los \u00faltimos 30 a\u00f1os, debido a las rupturas familiares, el aumento del desempleo y \u00ablas poco realistas aspiraciones educativas y profesionales que las familias tienen para sus hijos e hijas\u00bb. Los expertos subrayan que los problemas de salud mentales de los adolescentes comportan elevados costes socio-econ\u00f3micos, dado que conforme pasa el tiempo \u00absuelen sufrir discapacidades\u00bb.<\/p>\n","protected":false},"excerpt":{"rendered":"<p>M\u00e1s sobre el estudio de Unicef del que dimos cuenta en el &#8216;post&#8217; anterior. Las rupturas familiares o el desempleo est\u00e1n contribuyendo a deteriorar la salud mental de los adolescentes.\u00a0Un tema interesante del que hablaremos m\u00e1s en profundidad.\u00a0La informaci\u00f3n es de la agencia Colpisa. \u00abSe estima que el 20% de los 1.200 millones adolescentes de [&hellip;]<\/p>\n","protected":false},"author":3,"featured_media":0,"comment_status":"open","ping_status":"open","sticky":false,"template":"","format":"standard","meta":{"jetpack_post_was_ever_published":false,"_jetpack_newsletter_access":"","_jetpack_dont_email_post_to_subs":false,"_jetpack_newsletter_tier_id":0,"_jetpack_memberships_contains_paywalled_content":false,"_jetpack_memberships_contains_paid_content":false,"footnotes":""},"categories":[1],"tags":[],"class_list":["post-1143","post","type-post","status-publish","format-standard","hentry","category-blog"],"jetpack_featured_media_url":"","jetpack_shortlink":"https:\/\/wp.me\/p5fzW5-ir","jetpack-related-posts":[],"jetpack_sharing_enabled":true,"_links":{"self":[{"href":"https:\/\/www.granadablogs.com\/juezcalatayud\/wp-json\/wp\/v2\/posts\/1143","targetHints":{"allow":["GET"]}}],"collection":[{"href":"https:\/\/www.granadablogs.com\/juezcalatayud\/wp-json\/wp\/v2\/posts"}],"about":[{"href":"https:\/\/www.granadablogs.com\/juezcalatayud\/wp-json\/wp\/v2\/types\/post"}],"author":[{"embeddable":true,"href":"https:\/\/www.granadablogs.com\/juezcalatayud\/wp-json\/wp\/v2\/users\/3"}],"replies":[{"embeddable":true,"href":"https:\/\/www.granadablogs.com\/juezcalatayud\/wp-json\/wp\/v2\/comments?post=1143"}],"version-history":[{"count":2,"href":"https:\/\/www.granadablogs.com\/juezcalatayud\/wp-json\/wp\/v2\/posts\/1143\/revisions"}],"predecessor-version":[{"id":1145,"href":"https:\/\/www.granadablogs.com\/juezcalatayud\/wp-json\/wp\/v2\/posts\/1143\/revisions\/1145"}],"wp:attachment":[{"href":"https:\/\/www.granadablogs.com\/juezcalatayud\/wp-json\/wp\/v2\/media?parent=1143"}],"wp:term":[{"taxonomy":"category","embeddable":true,"href":"https:\/\/www.granadablogs.com\/juezcalatayud\/wp-json\/wp\/v2\/categories?post=1143"},{"taxonomy":"post_tag","embeddable":true,"href":"https:\/\/www.granadablogs.com\/juezcalatayud\/wp-json\/wp\/v2\/tags?post=1143"}],"curies":[{"name":"wp","href":"https:\/\/api.w.org\/{rel}","templated":true}]}}