{"id":11414,"date":"2019-09-27T19:54:18","date_gmt":"2019-09-27T17:54:18","guid":{"rendered":"https:\/\/www.granadablogs.com\/juezcalatayud\/?p=11414"},"modified":"2019-12-20T11:33:57","modified_gmt":"2019-12-20T09:33:57","slug":"en-1987-me-hice-juez-de-menores-y-no-sabia-ni-lo-que-era-un-nino","status":"publish","type":"post","link":"https:\/\/www.granadablogs.com\/juezcalatayud\/2019\/09\/en-1987-me-hice-juez-de-menores-y-no-sabia-ni-lo-que-era-un-nino\/","title":{"rendered":"V\u00eddeo de don Emilio: \u00abEn 1987 me hice juez de Menores y no sab\u00eda ni lo que era un ni\u00f1o\u00bb"},"content":{"rendered":"<div style=\"position: relative; display: block; max-width: 100%%;\">\n<div style=\"padding-top: 56.25%;\"><iframe style=\"position: absolute; top: 0px; right: 0px; bottom: 0px; left: 0px; width: 100%; height: 100%;\" src=\"https:\/\/players.brightcove.net\/86746483001\/ryeK4EUPY_default\/index.html?videoId=6090059131001\" allowfullscreen=\"allowfullscreen\"><\/iframe><\/div>\n<\/div>\n<p>&nbsp;<\/p>\n<p>Hola, soy Carlos Mor\u00e1n, el compa\u00f1ero de blog de don Emilio. Aqu\u00ed os dejo un v\u00eddeo con parte del discurso que ofreci\u00f3 el juez para agradecer el premio Prestigio Tur\u00edstico de Granada. Como siempre mostr\u00f3 su capacidad para hacer re\u00edr y llorar en el mismo minuto. Espero que os guste. Por cierto, al final explica su relaci\u00f3n con el turismo y la cocina. Son poco m\u00e1s de tres minutillos.<\/p>\n<p><img loading=\"lazy\" decoding=\"async\" class=\"aligncenter wp-image-11423 size-large\" src=\"https:\/\/www.granadablogs.com\/juezcalatayud\/wp-content\/uploads\/2019\/09\/En-644x322.jpg\" alt=\"\" width=\"644\" height=\"322\" srcset=\"https:\/\/www.granadablogs.com\/juezcalatayud\/wp-content\/uploads\/2019\/09\/En-644x322.jpg 644w, https:\/\/www.granadablogs.com\/juezcalatayud\/wp-content\/uploads\/2019\/09\/En-300x150.jpg 300w, https:\/\/www.granadablogs.com\/juezcalatayud\/wp-content\/uploads\/2019\/09\/En-768x384.jpg 768w\" sizes=\"auto, (max-width: 644px) 100vw, 644px\" \/><\/p>\n","protected":false},"excerpt":{"rendered":"<p>&nbsp; Hola, soy Carlos Mor\u00e1n, el compa\u00f1ero de blog de don Emilio. Aqu\u00ed os dejo un v\u00eddeo con parte del discurso que ofreci\u00f3 el juez para agradecer el premio Prestigio Tur\u00edstico de Granada. Como siempre mostr\u00f3 su capacidad para hacer re\u00edr y llorar en el mismo minuto. Espero que os guste. Por cierto, al final [&hellip;]<\/p>\n","protected":false},"author":1,"featured_media":0,"comment_status":"open","ping_status":"open","sticky":false,"template":"","format":"standard","meta":{"jetpack_post_was_ever_published":false,"_jetpack_newsletter_access":"","_jetpack_dont_email_post_to_subs":false,"_jetpack_newsletter_tier_id":0,"_jetpack_memberships_contains_paywalled_content":false,"_jetpack_memberships_contains_paid_content":false,"footnotes":""},"categories":[1],"tags":[2491,522],"class_list":["post-11414","post","type-post","status-publish","format-standard","hentry","category-blog","tag-discurso","tag-juez"],"jetpack_featured_media_url":"","jetpack_shortlink":"https:\/\/wp.me\/p5fzW5-2Y6","jetpack-related-posts":[],"jetpack_sharing_enabled":true,"_links":{"self":[{"href":"https:\/\/www.granadablogs.com\/juezcalatayud\/wp-json\/wp\/v2\/posts\/11414","targetHints":{"allow":["GET"]}}],"collection":[{"href":"https:\/\/www.granadablogs.com\/juezcalatayud\/wp-json\/wp\/v2\/posts"}],"about":[{"href":"https:\/\/www.granadablogs.com\/juezcalatayud\/wp-json\/wp\/v2\/types\/post"}],"author":[{"embeddable":true,"href":"https:\/\/www.granadablogs.com\/juezcalatayud\/wp-json\/wp\/v2\/users\/1"}],"replies":[{"embeddable":true,"href":"https:\/\/www.granadablogs.com\/juezcalatayud\/wp-json\/wp\/v2\/comments?post=11414"}],"version-history":[{"count":11,"href":"https:\/\/www.granadablogs.com\/juezcalatayud\/wp-json\/wp\/v2\/posts\/11414\/revisions"}],"predecessor-version":[{"id":11883,"href":"https:\/\/www.granadablogs.com\/juezcalatayud\/wp-json\/wp\/v2\/posts\/11414\/revisions\/11883"}],"wp:attachment":[{"href":"https:\/\/www.granadablogs.com\/juezcalatayud\/wp-json\/wp\/v2\/media?parent=11414"}],"wp:term":[{"taxonomy":"category","embeddable":true,"href":"https:\/\/www.granadablogs.com\/juezcalatayud\/wp-json\/wp\/v2\/categories?post=11414"},{"taxonomy":"post_tag","embeddable":true,"href":"https:\/\/www.granadablogs.com\/juezcalatayud\/wp-json\/wp\/v2\/tags?post=11414"}],"curies":[{"name":"wp","href":"https:\/\/api.w.org\/{rel}","templated":true}]}}