{"id":11406,"date":"2019-09-26T18:42:40","date_gmt":"2019-09-26T16:42:40","guid":{"rendered":"https:\/\/www.granadablogs.com\/juezcalatayud\/?p=11406"},"modified":"2019-09-26T18:42:40","modified_gmt":"2019-09-26T16:42:40","slug":"don-emilio-recibe-uno-de-los-premios-prestigio-turistico-de-granada-y-dice-que-esta-flipao","status":"publish","type":"post","link":"https:\/\/www.granadablogs.com\/juezcalatayud\/2019\/09\/don-emilio-recibe-uno-de-los-premios-prestigio-turistico-de-granada-y-dice-que-esta-flipao\/","title":{"rendered":"Don Emilio recibe uno de los premios Prestigio Tur\u00edstico de Granada y dice que est\u00e1 &#8216;flipao&#8217;"},"content":{"rendered":"<p><img loading=\"lazy\" decoding=\"async\" class=\"aligncenter wp-image-8857 size-full\" src=\"https:\/\/www.granadablogs.com\/juezcalatayud\/wp-content\/uploads\/2018\/07\/risa-2.jpg\" alt=\"\" width=\"630\" height=\"315\" srcset=\"https:\/\/www.granadablogs.com\/juezcalatayud\/wp-content\/uploads\/2018\/07\/risa-2.jpg 630w, https:\/\/www.granadablogs.com\/juezcalatayud\/wp-content\/uploads\/2018\/07\/risa-2-300x150.jpg 300w\" sizes=\"auto, (max-width: 630px) 100vw, 630px\" \/><\/p>\n<p>Hola, soy Carlos Mor\u00e1n, el compa\u00f1ero de blog del juez. Dentro de un rato, don Emilio va a recibir uno de los premios Prestigio Tur\u00edstico que concede el Ayuntamiento de Granada. Dice su se\u00f1or\u00eda que est\u00e1 &#8216;flipao&#8217; porque \u00abnunca hab\u00eda sido consciente de estar haciendo algo para promocionar tur\u00edsticamente a Granada\u00bb. Eso s\u00ed, lo agradece de todo coraz\u00f3n.<\/p>\n<p>Seg\u00fan los convocantes, se le ha concedido por \u00abpor sus sentencias ejemplares, su trayectoria y su apuesta por la educaci\u00f3n de los j\u00f3venes\u00bb.<\/p>\n<p>Entre los galardonados est\u00e1n varias empresas hosteleras de Granada y fuera de Granada y el bailaor de la tierra Rafael Amargo.<\/p>\n<p>Si podemos, os lo contamos hoy mismo y si no podemos, ma\u00f1ana. Un saludo.<\/p>\n<p>&nbsp;<\/p>\n","protected":false},"excerpt":{"rendered":"<p>Hola, soy Carlos Mor\u00e1n, el compa\u00f1ero de blog del juez. Dentro de un rato, don Emilio va a recibir uno de los premios Prestigio Tur\u00edstico que concede el Ayuntamiento de Granada. Dice su se\u00f1or\u00eda que est\u00e1 &#8216;flipao&#8217; porque \u00abnunca hab\u00eda sido consciente de estar haciendo algo para promocionar tur\u00edsticamente a Granada\u00bb. Eso s\u00ed, lo agradece [&hellip;]<\/p>\n","protected":false},"author":3,"featured_media":0,"comment_status":"open","ping_status":"open","sticky":false,"template":"","format":"standard","meta":{"jetpack_post_was_ever_published":false,"_jetpack_newsletter_access":"","_jetpack_dont_email_post_to_subs":false,"_jetpack_newsletter_tier_id":0,"_jetpack_memberships_contains_paywalled_content":false,"_jetpack_memberships_contains_paid_content":false,"footnotes":""},"categories":[1],"tags":[522,1190,2488],"class_list":["post-11406","post","type-post","status-publish","format-standard","hentry","category-blog","tag-juez","tag-premio","tag-turistico"],"jetpack_featured_media_url":"","jetpack_shortlink":"https:\/\/wp.me\/p5fzW5-2XY","jetpack-related-posts":[],"jetpack_sharing_enabled":true,"_links":{"self":[{"href":"https:\/\/www.granadablogs.com\/juezcalatayud\/wp-json\/wp\/v2\/posts\/11406","targetHints":{"allow":["GET"]}}],"collection":[{"href":"https:\/\/www.granadablogs.com\/juezcalatayud\/wp-json\/wp\/v2\/posts"}],"about":[{"href":"https:\/\/www.granadablogs.com\/juezcalatayud\/wp-json\/wp\/v2\/types\/post"}],"author":[{"embeddable":true,"href":"https:\/\/www.granadablogs.com\/juezcalatayud\/wp-json\/wp\/v2\/users\/3"}],"replies":[{"embeddable":true,"href":"https:\/\/www.granadablogs.com\/juezcalatayud\/wp-json\/wp\/v2\/comments?post=11406"}],"version-history":[{"count":2,"href":"https:\/\/www.granadablogs.com\/juezcalatayud\/wp-json\/wp\/v2\/posts\/11406\/revisions"}],"predecessor-version":[{"id":11408,"href":"https:\/\/www.granadablogs.com\/juezcalatayud\/wp-json\/wp\/v2\/posts\/11406\/revisions\/11408"}],"wp:attachment":[{"href":"https:\/\/www.granadablogs.com\/juezcalatayud\/wp-json\/wp\/v2\/media?parent=11406"}],"wp:term":[{"taxonomy":"category","embeddable":true,"href":"https:\/\/www.granadablogs.com\/juezcalatayud\/wp-json\/wp\/v2\/categories?post=11406"},{"taxonomy":"post_tag","embeddable":true,"href":"https:\/\/www.granadablogs.com\/juezcalatayud\/wp-json\/wp\/v2\/tags?post=11406"}],"curies":[{"name":"wp","href":"https:\/\/api.w.org\/{rel}","templated":true}]}}