{"id":1139,"date":"2011-02-25T17:49:43","date_gmt":"2011-02-25T16:49:43","guid":{"rendered":"http:\/\/www.granadablogs.com\/juezcalatayud\/?p=1139"},"modified":"2011-02-25T17:51:27","modified_gmt":"2011-02-25T16:51:27","slug":"unicef-pide-mas-atencion-a-los-adolescentes","status":"publish","type":"post","link":"https:\/\/www.granadablogs.com\/juezcalatayud\/2011\/02\/unicef-pide-mas-atencion-a-los-adolescentes\/","title":{"rendered":"Unicef pide m\u00e1s atenci\u00f3n a los adolescentes"},"content":{"rendered":"<p>M\u00e1s de 70 millones de j\u00f3venes en edad de cursar los primeros a\u00f1os de educaci\u00f3n secundaria no asisten a clases, especialmente en los pa\u00edses en v\u00edas de desarrollo. Datos como este han animado a Unicef a pedir al mundo que &#8216;invierta&#8217; en los adolescentes. \u00abSi los adolescentes no se educan, no pueden adquirir los conocimientos y la capacidad necesarias para eludir el peligro que representan la explotaci\u00f3n, el abuso y la violencia a la que est\u00e1n expuestos\u00bb, dijeron los responsables de la organizaci\u00f3n internacional, seg\u00fan la agencia Efe.<\/p>\n<p>Unicef ha observado avances notables en la protecci\u00f3n de la infancia, pero ese impulso suele verse frustrado al llegar a la adolescencia. En este sentido,\u00a0que en Brasil consiguieron evitar la muerte de 26.000 ni\u00f1os y ni\u00f1as entre 1998 y 2008, mientras que en ese mismo per\u00edodo de tiempo perdieron la vida a causa de la violencia y la delincuencia unos 86.000 adolescentes de entre 15 y 19 a\u00f1os. \u00abDesde luego, es muy triste salvar ni\u00f1os en su primera d\u00e9cada de vida sabiendo que muchos morir\u00e1n en la segunda\u00bb,\u00a0seg\u00fan\u00a0el director ejecutivo de Unicef, Anthony Lake.<\/p>\n<p>Se tratar\u00eda, como dir\u00eda don Emilio, de fomentar un &#8216;Pacto global por el menor&#8217;.<\/p>\n<p class=\"resumeArcticle\" style=\"font-size: 13px;\">Unicef tambi\u00e9n recuerda que alrededor del 30% de los nuevos casos de VIH y sida que se registran anualmente corresponden a j\u00f3venes de entre 15 y 24 a\u00f1os, mientras que en el mundo en desarrollo (con la excepci\u00f3n de China) una de cada tres adolescentes contraen matrimonio antes de los 18 a\u00f1os.\u00a0<\/p>\n","protected":false},"excerpt":{"rendered":"<p>M\u00e1s de 70 millones de j\u00f3venes en edad de cursar los primeros a\u00f1os de educaci\u00f3n secundaria no asisten a clases, especialmente en los pa\u00edses en v\u00edas de desarrollo. Datos como este han animado a Unicef a pedir al mundo que &#8216;invierta&#8217; en los adolescentes. \u00abSi los adolescentes no se educan, no pueden adquirir los conocimientos [&hellip;]<\/p>\n","protected":false},"author":3,"featured_media":0,"comment_status":"open","ping_status":"open","sticky":false,"template":"","format":"standard","meta":{"jetpack_post_was_ever_published":false,"_jetpack_newsletter_access":"","_jetpack_dont_email_post_to_subs":false,"_jetpack_newsletter_tier_id":0,"_jetpack_memberships_contains_paywalled_content":false,"_jetpack_memberships_contains_paid_content":false,"footnotes":""},"categories":[1],"tags":[],"class_list":["post-1139","post","type-post","status-publish","format-standard","hentry","category-blog"],"jetpack_featured_media_url":"","jetpack_shortlink":"https:\/\/wp.me\/p5fzW5-in","jetpack-related-posts":[],"jetpack_sharing_enabled":true,"_links":{"self":[{"href":"https:\/\/www.granadablogs.com\/juezcalatayud\/wp-json\/wp\/v2\/posts\/1139","targetHints":{"allow":["GET"]}}],"collection":[{"href":"https:\/\/www.granadablogs.com\/juezcalatayud\/wp-json\/wp\/v2\/posts"}],"about":[{"href":"https:\/\/www.granadablogs.com\/juezcalatayud\/wp-json\/wp\/v2\/types\/post"}],"author":[{"embeddable":true,"href":"https:\/\/www.granadablogs.com\/juezcalatayud\/wp-json\/wp\/v2\/users\/3"}],"replies":[{"embeddable":true,"href":"https:\/\/www.granadablogs.com\/juezcalatayud\/wp-json\/wp\/v2\/comments?post=1139"}],"version-history":[{"count":3,"href":"https:\/\/www.granadablogs.com\/juezcalatayud\/wp-json\/wp\/v2\/posts\/1139\/revisions"}],"predecessor-version":[{"id":1141,"href":"https:\/\/www.granadablogs.com\/juezcalatayud\/wp-json\/wp\/v2\/posts\/1139\/revisions\/1141"}],"wp:attachment":[{"href":"https:\/\/www.granadablogs.com\/juezcalatayud\/wp-json\/wp\/v2\/media?parent=1139"}],"wp:term":[{"taxonomy":"category","embeddable":true,"href":"https:\/\/www.granadablogs.com\/juezcalatayud\/wp-json\/wp\/v2\/categories?post=1139"},{"taxonomy":"post_tag","embeddable":true,"href":"https:\/\/www.granadablogs.com\/juezcalatayud\/wp-json\/wp\/v2\/tags?post=1139"}],"curies":[{"name":"wp","href":"https:\/\/api.w.org\/{rel}","templated":true}]}}