{"id":1134,"date":"2011-02-23T17:57:46","date_gmt":"2011-02-23T16:57:46","guid":{"rendered":"http:\/\/www.granadablogs.com\/juezcalatayud\/?p=1134"},"modified":"2011-02-23T17:57:46","modified_gmt":"2011-02-23T16:57:46","slug":"juzgan-a-unos-padres-por-dejar-en-coma-a-su-hijo-por-no-hacer-los-deberes","status":"publish","type":"post","link":"https:\/\/www.granadablogs.com\/juezcalatayud\/2011\/02\/juzgan-a-unos-padres-por-dejar-en-coma-a-su-hijo-por-no-hacer-los-deberes\/","title":{"rendered":"Juzgan a unos padres por dejar en coma a su hijo \u00abpor no hacer los deberes\u00bb"},"content":{"rendered":"<p class=\"p\">Es una historia terrible. Veremos en qu\u00e9 acaba. La noticia es del diario ABC. \u00abCuando Nieves R.P. y Jos\u00e9 R. M adoptaron a Miguel \u00c1ngel en Ruman\u00eda con dos a\u00f1os no sab\u00eda este peque\u00f1o lo que le ten\u00eda preparado el futuro. Nueve a\u00f1os despu\u00e9s los padres de Miguel \u00c1ngel <span id=\"U1401129705302KlB\" class=\"span\" style=\"font-style: normal; font-weight: bold;\">se enfrentan a una petici\u00f3n de 90 a\u00f1os de prisi\u00f3n<\/span> por parte de la Fiscal\u00eda, que les acusa de 12 delitos de lesiones y malos tratos. Est\u00e1n acusados de maltratar de forma constante y finalmente dejar en coma \u00abpor no haber hecho los deberes\u00bb a su hijo adoptivo, que el d\u00eda de los hechos, <span id=\"U1401129705302cCD\" class=\"span\" style=\"font-style: normal; font-weight: bold;\">el 6 de junio de 2006 ten\u00eda siete a\u00f1os<\/span>. Hoy el peque\u00f1o padece graves secuelas como consecuencia de los fuertes golpes recibidos entre 2002 y 2006 en su vivienda de Llucmajor (Mallorca).<\/p>\n<p>En la primera sesi\u00f3n de juicio, que hoy contin\u00faa, los principales acusados, relataron y se escudaron en que<span id=\"U1401129705302C7H\" class=\"span\" style=\"font-style: normal; font-weight: bold;\"> el ni\u00f1o ten\u00eda \u00abnula estabilidad\u00bb<\/span> porque seg\u00fan la madre \u00abvino muy mal de Ruman\u00eda\u00bb de ah\u00ed que se golpeara y tuviera moratones o ara\u00f1azos. El padre asegur\u00f3 que nunca sospech\u00f3 nada. <span id=\"U14011297053021ME\" class=\"span\" style=\"font-style: normal; font-weight: bold;\">\u00abEl ni\u00f1o era patosillo. Le ve\u00eda golpes,<\/span> pero mi mujer me dec\u00eda que eran por ca\u00eddas y yo no ten\u00eda por qu\u00e9 dudar\u00bb.<\/p>\n<p class=\"p\">A las preguntas de la fiscal\u00eda de c\u00f3mo fue posible que Miguel \u00c1ngel quedara inconsciente en el cuarto de ba\u00f1o, Nieves R.P., relat\u00f3 que \u00able met\u00ed prisa para que hiciera los deberes, porque en una hora ten\u00eda clase de taekwondo. <span id=\"U1401129705302VpC\" class=\"span\" style=\"font-style: normal; font-weight: bold;\"><span id=\"U1401129705302pwF\" class=\"span\" style=\"font-style: normal; font-weight: normal;\">Al ver que no los hab\u00eda hecho, lo llev\u00e9 al ba\u00f1o y le ped\u00ed explicaciones, pero no me contest\u00f3<\/span>. Entonces le di un empuj\u00f3n, cay\u00f3 al suelo y lo vi inconsciente<\/span>\u00bb.<\/p>\n<p class=\"p\">La mujer no supo, a preguntas de la fiscal\u00eda, explicar c\u00f3mo aquella ca\u00edda provoc\u00f3 al menor hematomas en todo el cuerpo. \u00abNo puedo explicarlo. <span id=\"U1401129705302ql\" class=\"span\" style=\"font-style: normal; font-weight: bold;\">No le golpe\u00e9 en ning\u00fan momento<\/span>. Cuando le empuj\u00e9 se dio con los codos en el marco de la puerta y se golpe\u00f3 la cabeza contra el suelo\u00bb, asegur\u00f3 la mujer.<span id=\"U1401129705302kr\" class=\"span\" style=\"font-style: normal; font-weight: bold;\"> \u00abEntonces lo llev\u00e9 al cuarto, lo desnud\u00e9 y lo met\u00ed en la ba\u00f1era\u00bb<\/span>. La madre llam\u00f3 a su marido a las seis y media para explicarle lo ocurrido pero hasta casi una hora despu\u00e9s no solicit\u00f3 la asistencia sanitaria.<\/p>\n<p class=\"p\"><span id=\"U1401129705302ivB\" class=\"span\" style=\"font-style: normal; font-weight: bold;\">Esta no era la primera vez que el peque\u00f1o quedaba inconsciente<\/span>. En 2002, poco despu\u00e9s de ser adoptado, el ni\u00f1o que por entonces ten\u00eda dos a\u00f1os se golpe\u00f3 en la cabeza al caer de la cama. A esta cuesti\u00f3n la madre declar\u00f3 que estaba \u00absubido a la cama para coger un juguete. Me asust\u00e9, lo cog\u00ed del brazo y cay\u00f3 de espaldas sobre la barrera. Qued\u00f3 inconsciente pero lo reanim\u00e9\u00bb. Pas\u00f3 una semana en la UCI y otra en planta.<br \/>\nHubo otras dos ocasiones en las que Miguel \u00c1ngel tuvo que acudir a Urgencias por golpes y todo por la \u00abnula estabilidad\u00bb del peque\u00f1o.<\/p>\n","protected":false},"excerpt":{"rendered":"<p>Es una historia terrible. Veremos en qu\u00e9 acaba. La noticia es del diario ABC. \u00abCuando Nieves R.P. y Jos\u00e9 R. M adoptaron a Miguel \u00c1ngel en Ruman\u00eda con dos a\u00f1os no sab\u00eda este peque\u00f1o lo que le ten\u00eda preparado el futuro. Nueve a\u00f1os despu\u00e9s los padres de Miguel \u00c1ngel se enfrentan a una petici\u00f3n de [&hellip;]<\/p>\n","protected":false},"author":3,"featured_media":0,"comment_status":"open","ping_status":"open","sticky":false,"template":"","format":"standard","meta":{"jetpack_post_was_ever_published":false,"_jetpack_newsletter_access":"","_jetpack_dont_email_post_to_subs":false,"_jetpack_newsletter_tier_id":0,"_jetpack_memberships_contains_paywalled_content":false,"_jetpack_memberships_contains_paid_content":false,"footnotes":""},"categories":[1],"tags":[],"class_list":["post-1134","post","type-post","status-publish","format-standard","hentry","category-blog"],"jetpack_featured_media_url":"","jetpack_shortlink":"https:\/\/wp.me\/p5fzW5-ii","jetpack-related-posts":[],"jetpack_sharing_enabled":true,"_links":{"self":[{"href":"https:\/\/www.granadablogs.com\/juezcalatayud\/wp-json\/wp\/v2\/posts\/1134","targetHints":{"allow":["GET"]}}],"collection":[{"href":"https:\/\/www.granadablogs.com\/juezcalatayud\/wp-json\/wp\/v2\/posts"}],"about":[{"href":"https:\/\/www.granadablogs.com\/juezcalatayud\/wp-json\/wp\/v2\/types\/post"}],"author":[{"embeddable":true,"href":"https:\/\/www.granadablogs.com\/juezcalatayud\/wp-json\/wp\/v2\/users\/3"}],"replies":[{"embeddable":true,"href":"https:\/\/www.granadablogs.com\/juezcalatayud\/wp-json\/wp\/v2\/comments?post=1134"}],"version-history":[{"count":1,"href":"https:\/\/www.granadablogs.com\/juezcalatayud\/wp-json\/wp\/v2\/posts\/1134\/revisions"}],"predecessor-version":[{"id":1135,"href":"https:\/\/www.granadablogs.com\/juezcalatayud\/wp-json\/wp\/v2\/posts\/1134\/revisions\/1135"}],"wp:attachment":[{"href":"https:\/\/www.granadablogs.com\/juezcalatayud\/wp-json\/wp\/v2\/media?parent=1134"}],"wp:term":[{"taxonomy":"category","embeddable":true,"href":"https:\/\/www.granadablogs.com\/juezcalatayud\/wp-json\/wp\/v2\/categories?post=1134"},{"taxonomy":"post_tag","embeddable":true,"href":"https:\/\/www.granadablogs.com\/juezcalatayud\/wp-json\/wp\/v2\/tags?post=1134"}],"curies":[{"name":"wp","href":"https:\/\/api.w.org\/{rel}","templated":true}]}}