{"id":1132,"date":"2011-02-21T16:59:19","date_gmt":"2011-02-21T15:59:19","guid":{"rendered":"http:\/\/www.granadablogs.com\/juezcalatayud\/?p=1132"},"modified":"2011-02-21T16:59:19","modified_gmt":"2011-02-21T15:59:19","slug":"el-cancer-se-cura","status":"publish","type":"post","link":"https:\/\/www.granadablogs.com\/juezcalatayud\/2011\/02\/el-cancer-se-cura\/","title":{"rendered":"\u00abEl c\u00e1ncer se cura\u00bb"},"content":{"rendered":"<p>Esperanza Aguirre, presidente de la Comunidad de Madrid, ha anunciado esta ma\u00f1ana que se retira durante unos d\u00edas para operarse de un c\u00e1ncer de mama que le ha sido detectado en una revisi\u00f3n rutinaria. \u00abEl c\u00e1ncer se cura\u00bb, ha dicho Aguirre. Y es verdad. Desde aqu\u00ed, deseamos que pronto est\u00e9 de vuelta y le agradecemos el gesto de contarlo en p\u00fablico. Normaliza la enfermedad y ayuda a otros y otras que puedan estar en la misma situaci\u00f3n. Como la mayor\u00eda de vosotros ya sabr\u00e9is, la esposa de don Emilio tambi\u00e9n est\u00e1 enferma de c\u00e1ncer -ellos mismos decidieron contarlo en este blog- y recientemente ha sufrido una reca\u00edda de la que ya se est\u00e1 recuperando. La lucha sigue.<\/p>\n","protected":false},"excerpt":{"rendered":"<p>Esperanza Aguirre, presidente de la Comunidad de Madrid, ha anunciado esta ma\u00f1ana que se retira durante unos d\u00edas para operarse de un c\u00e1ncer de mama que le ha sido detectado en una revisi\u00f3n rutinaria. \u00abEl c\u00e1ncer se cura\u00bb, ha dicho Aguirre. Y es verdad. Desde aqu\u00ed, deseamos que pronto est\u00e9 de vuelta y le agradecemos [&hellip;]<\/p>\n","protected":false},"author":3,"featured_media":0,"comment_status":"open","ping_status":"open","sticky":false,"template":"","format":"standard","meta":{"jetpack_post_was_ever_published":false,"_jetpack_newsletter_access":"","_jetpack_dont_email_post_to_subs":false,"_jetpack_newsletter_tier_id":0,"_jetpack_memberships_contains_paywalled_content":false,"_jetpack_memberships_contains_paid_content":false,"footnotes":""},"categories":[1],"tags":[],"class_list":["post-1132","post","type-post","status-publish","format-standard","hentry","category-blog"],"jetpack_featured_media_url":"","jetpack_shortlink":"https:\/\/wp.me\/p5fzW5-ig","jetpack-related-posts":[],"jetpack_sharing_enabled":true,"_links":{"self":[{"href":"https:\/\/www.granadablogs.com\/juezcalatayud\/wp-json\/wp\/v2\/posts\/1132","targetHints":{"allow":["GET"]}}],"collection":[{"href":"https:\/\/www.granadablogs.com\/juezcalatayud\/wp-json\/wp\/v2\/posts"}],"about":[{"href":"https:\/\/www.granadablogs.com\/juezcalatayud\/wp-json\/wp\/v2\/types\/post"}],"author":[{"embeddable":true,"href":"https:\/\/www.granadablogs.com\/juezcalatayud\/wp-json\/wp\/v2\/users\/3"}],"replies":[{"embeddable":true,"href":"https:\/\/www.granadablogs.com\/juezcalatayud\/wp-json\/wp\/v2\/comments?post=1132"}],"version-history":[{"count":1,"href":"https:\/\/www.granadablogs.com\/juezcalatayud\/wp-json\/wp\/v2\/posts\/1132\/revisions"}],"predecessor-version":[{"id":1133,"href":"https:\/\/www.granadablogs.com\/juezcalatayud\/wp-json\/wp\/v2\/posts\/1132\/revisions\/1133"}],"wp:attachment":[{"href":"https:\/\/www.granadablogs.com\/juezcalatayud\/wp-json\/wp\/v2\/media?parent=1132"}],"wp:term":[{"taxonomy":"category","embeddable":true,"href":"https:\/\/www.granadablogs.com\/juezcalatayud\/wp-json\/wp\/v2\/categories?post=1132"},{"taxonomy":"post_tag","embeddable":true,"href":"https:\/\/www.granadablogs.com\/juezcalatayud\/wp-json\/wp\/v2\/tags?post=1132"}],"curies":[{"name":"wp","href":"https:\/\/api.w.org\/{rel}","templated":true}]}}