{"id":11292,"date":"2019-09-05T20:00:55","date_gmt":"2019-09-05T18:00:55","guid":{"rendered":"https:\/\/www.granadablogs.com\/juezcalatayud\/?p=11292"},"modified":"2019-09-05T20:00:55","modified_gmt":"2019-09-05T18:00:55","slug":"segun-en-que-parte-de-espana-se-estudie-los-reyes-catolicos-existieron-o-no-se-sabe-que-es-el-guadiana-o-no-esto-es-de-locos","status":"publish","type":"post","link":"https:\/\/www.granadablogs.com\/juezcalatayud\/2019\/09\/segun-en-que-parte-de-espana-se-estudie-los-reyes-catolicos-existieron-o-no-se-sabe-que-es-el-guadiana-o-no-esto-es-de-locos\/","title":{"rendered":"Seg\u00fan en qu\u00e9 parte de Espa\u00f1a se estudie, los Reyes Cat\u00f3licos existieron o no, se sabe qu\u00e9 es el Guadiana o no&#8230; Esto es de locos"},"content":{"rendered":"<p>&nbsp;<\/p>\n<figure id=\"attachment_8973\" aria-describedby=\"caption-attachment-8973\" style=\"width: 620px\" class=\"wp-caption aligncenter\"><img loading=\"lazy\" decoding=\"async\" class=\"wp-image-8973 size-full\" src=\"https:\/\/www.granadablogs.com\/juezcalatayud\/wp-content\/uploads\/2018\/08\/Patera.jpg\" alt=\"\" width=\"620\" height=\"349\" srcset=\"https:\/\/www.granadablogs.com\/juezcalatayud\/wp-content\/uploads\/2018\/08\/Patera.jpg 620w, https:\/\/www.granadablogs.com\/juezcalatayud\/wp-content\/uploads\/2018\/08\/Patera-300x169.jpg 300w\" sizes=\"auto, (max-width: 620px) 100vw, 620px\" \/><figcaption id=\"caption-attachment-8973\" class=\"wp-caption-text\">abc.es<\/figcaption><\/figure>\n<p>Buenas, soy Emilio Calatayud. Nos hemos propuesto volver locos a nuestros ni\u00f1os y lo vamos a conseguir. Los editores de los libros de texto se han quejado de las presiones de las autonom\u00edas para que los manuales de los escolares lleven los contenidos que los pol\u00edticos auton\u00f3micos quieren. El resultado es que, seg\u00fan en qu\u00e9 parte de Espa\u00f1a se estudie, los Reyes Cat\u00f3licos existieron o no. Hay otras autonom\u00edas que no ven necesario aprender los r\u00edos, con lo cual esos ni\u00f1os no sabr\u00e1n qu\u00e9 es el Guadiana&#8230; y as\u00ed hasta el infinito. Que el ni\u00f1o se va de Catalu\u00f1a a Cantabria, pues a empezar de cero. As\u00ed nos va.<\/p>\n<p>Total, que en Espa\u00f1a hay m\u00e1s de 33.000 libros de texto diferentes\u00a0 para adecuarse a las exigencias de cada comunidad en idiomas o contenidos. \u00a133.000! Ya digo, esto es de locos, una verg\u00fcenza y un atentado contra el sentido com\u00fan.<\/p>\n<p>El mejor ejemplo del absurdo al que hemos llegado es el de la autonom\u00eda que rechaz\u00f3 un libro de Formaci\u00f3n Profesional de automoci\u00f3n porque las cajas de cambio no se adaptaban \u00aba la realidad auton\u00f3mica\u00bb. No sab\u00eda yo que las cajas de cambio de los coches eran diferentes en Andaluc\u00eda o en Galicia.<\/p>\n<p>As\u00ed nos va.<\/p>\n<p>&nbsp;<\/p>\n<p>&nbsp;<\/p>\n<p>&nbsp;<\/p>\n<p>&nbsp;<\/p>\n","protected":false},"excerpt":{"rendered":"<p>&nbsp; Buenas, soy Emilio Calatayud. Nos hemos propuesto volver locos a nuestros ni\u00f1os y lo vamos a conseguir. Los editores de los libros de texto se han quejado de las presiones de las autonom\u00edas para que los manuales de los escolares lleven los contenidos que los pol\u00edticos auton\u00f3micos quieren. El resultado es que, seg\u00fan en [&hellip;]<\/p>\n","protected":false},"author":2,"featured_media":0,"comment_status":"open","ping_status":"open","sticky":false,"template":"","format":"standard","meta":{"jetpack_post_was_ever_published":false,"_jetpack_newsletter_access":"","_jetpack_dont_email_post_to_subs":false,"_jetpack_newsletter_tier_id":0,"_jetpack_memberships_contains_paywalled_content":false,"_jetpack_memberships_contains_paid_content":false,"footnotes":""},"categories":[1],"tags":[635,35,2476],"class_list":["post-11292","post","type-post","status-publish","format-standard","hentry","category-blog","tag-de","tag-libros","tag-texto"],"jetpack_featured_media_url":"","jetpack_shortlink":"https:\/\/wp.me\/p5fzW5-2W8","jetpack-related-posts":[],"jetpack_sharing_enabled":true,"_links":{"self":[{"href":"https:\/\/www.granadablogs.com\/juezcalatayud\/wp-json\/wp\/v2\/posts\/11292","targetHints":{"allow":["GET"]}}],"collection":[{"href":"https:\/\/www.granadablogs.com\/juezcalatayud\/wp-json\/wp\/v2\/posts"}],"about":[{"href":"https:\/\/www.granadablogs.com\/juezcalatayud\/wp-json\/wp\/v2\/types\/post"}],"author":[{"embeddable":true,"href":"https:\/\/www.granadablogs.com\/juezcalatayud\/wp-json\/wp\/v2\/users\/2"}],"replies":[{"embeddable":true,"href":"https:\/\/www.granadablogs.com\/juezcalatayud\/wp-json\/wp\/v2\/comments?post=11292"}],"version-history":[{"count":3,"href":"https:\/\/www.granadablogs.com\/juezcalatayud\/wp-json\/wp\/v2\/posts\/11292\/revisions"}],"predecessor-version":[{"id":11296,"href":"https:\/\/www.granadablogs.com\/juezcalatayud\/wp-json\/wp\/v2\/posts\/11292\/revisions\/11296"}],"wp:attachment":[{"href":"https:\/\/www.granadablogs.com\/juezcalatayud\/wp-json\/wp\/v2\/media?parent=11292"}],"wp:term":[{"taxonomy":"category","embeddable":true,"href":"https:\/\/www.granadablogs.com\/juezcalatayud\/wp-json\/wp\/v2\/categories?post=11292"},{"taxonomy":"post_tag","embeddable":true,"href":"https:\/\/www.granadablogs.com\/juezcalatayud\/wp-json\/wp\/v2\/tags?post=11292"}],"curies":[{"name":"wp","href":"https:\/\/api.w.org\/{rel}","templated":true}]}}