{"id":1129,"date":"2011-02-19T20:30:12","date_gmt":"2011-02-19T19:30:12","guid":{"rendered":"http:\/\/www.granadablogs.com\/juezcalatayud\/?p=1129"},"modified":"2011-02-19T20:30:12","modified_gmt":"2011-02-19T19:30:12","slug":"el-mayor-capital-de-un-pais-son-sus-menores","status":"publish","type":"post","link":"https:\/\/www.granadablogs.com\/juezcalatayud\/2011\/02\/el-mayor-capital-de-un-pais-son-sus-menores\/","title":{"rendered":"\u00abEl mayor capital de un pa\u00eds son sus menores\u00bb"},"content":{"rendered":"<p>Don Emilio ha dado una charla hoy en Zamora. Una buena noticia. Esperemos que pronto pueda recuperar su ritmo habitual. Eso significar\u00e1 que las cosas siguen bien. Y esto es lo que ha dicho. La informaci\u00f3n es de Europa Press.<\/p>\n<p>El juez de menores de Granada <span id=\"U113984437643dk\" class=\"span\" style=\"font-weight: bold;\">Emilio Calatayud<\/span>, conocido por sus castigos ejemplares, ha asegurado este s\u00e1bado en Zamora que el 80 por ciento de los menores que reciben este tipo de sanciones no vuelven a reincidir de adultos.<\/p>\n<div class=\"p\">Fue uno de los datos ofrecidos por este medi\u00e1tico juez durante su ponencia en el colegio capitalino Coraz\u00f3n de Mar\u00eda, donde ha explicado que este tipo de sentencias ayudan a comprender a los menores la gravedad de sus actos y que \u00abtienen derechos pero tambi\u00e9n obligaciones\u00bb con la sociedad.<\/div>\n<div class=\"p\">Durante su ponencia, Calatayud ha recordado algunos de estos &#8216;castigos ejemplares&#8217; como limpieza de graffitis, limpieza de ambulancias, ayuda en comedores sociales o paseos a mayores, dependiendo del acto que haya cometido el menor y siempre en concordancia.<\/div>\n<div class=\"p\">A lo largo de su intervenci\u00f3n dentro de la II Semana de la Familia del Coraz\u00f3n de Mar\u00eda, el juez ha indicado que, a su parecer, la sociedad est\u00e1 cambiando y ahora mismo se es m\u00e1s permisivo con los menores y cree que en algunos puntos \u00abnos estamos equivocando con la educaci\u00f3n\u00bb.<\/div>\n<div class=\"p\">Por este motivo, ha recordado que el \u00abmayor capital\u00bb de un pa\u00eds son los menores y \u00abtodos debemos implicarnos\u00bb en su educaci\u00f3n.<\/div>\n<div class=\"p\">En su conferencia tambi\u00e9n ha tenido duras palabras para el Gobierno central por algunas de las medidas recientes, como que las menores de 16 a\u00f1os puedan abortar sin permiso paterno, algo con lo que se ha mostrado en desacuerdo, y tambi\u00e9n ha insistido en que se suba a los 14 a\u00f1os la edad permitida para mantener relaciones sexuales.<\/div>\n<div class=\"p\">Por \u00faltimo, se ha referido tambi\u00e9n a la pol\u00e9mica Ley Antitabaco y, aunque se ha mostrado de acuerdo con la medida, cree que tambi\u00e9n se deber\u00eda actual para controles del consumo de alcohol\u00bb.<\/div>\n","protected":false},"excerpt":{"rendered":"<p>Don Emilio ha dado una charla hoy en Zamora. Una buena noticia. Esperemos que pronto pueda recuperar su ritmo habitual. Eso significar\u00e1 que las cosas siguen bien. Y esto es lo que ha dicho. La informaci\u00f3n es de Europa Press. El juez de menores de Granada Emilio Calatayud, conocido por sus castigos ejemplares, ha asegurado [&hellip;]<\/p>\n","protected":false},"author":3,"featured_media":0,"comment_status":"open","ping_status":"open","sticky":false,"template":"","format":"standard","meta":{"jetpack_post_was_ever_published":false,"_jetpack_newsletter_access":"","_jetpack_dont_email_post_to_subs":false,"_jetpack_newsletter_tier_id":0,"_jetpack_memberships_contains_paywalled_content":false,"_jetpack_memberships_contains_paid_content":false,"footnotes":""},"categories":[1],"tags":[],"class_list":["post-1129","post","type-post","status-publish","format-standard","hentry","category-blog"],"jetpack_featured_media_url":"","jetpack_shortlink":"https:\/\/wp.me\/p5fzW5-id","jetpack-related-posts":[],"jetpack_sharing_enabled":true,"_links":{"self":[{"href":"https:\/\/www.granadablogs.com\/juezcalatayud\/wp-json\/wp\/v2\/posts\/1129","targetHints":{"allow":["GET"]}}],"collection":[{"href":"https:\/\/www.granadablogs.com\/juezcalatayud\/wp-json\/wp\/v2\/posts"}],"about":[{"href":"https:\/\/www.granadablogs.com\/juezcalatayud\/wp-json\/wp\/v2\/types\/post"}],"author":[{"embeddable":true,"href":"https:\/\/www.granadablogs.com\/juezcalatayud\/wp-json\/wp\/v2\/users\/3"}],"replies":[{"embeddable":true,"href":"https:\/\/www.granadablogs.com\/juezcalatayud\/wp-json\/wp\/v2\/comments?post=1129"}],"version-history":[{"count":2,"href":"https:\/\/www.granadablogs.com\/juezcalatayud\/wp-json\/wp\/v2\/posts\/1129\/revisions"}],"predecessor-version":[{"id":1131,"href":"https:\/\/www.granadablogs.com\/juezcalatayud\/wp-json\/wp\/v2\/posts\/1129\/revisions\/1131"}],"wp:attachment":[{"href":"https:\/\/www.granadablogs.com\/juezcalatayud\/wp-json\/wp\/v2\/media?parent=1129"}],"wp:term":[{"taxonomy":"category","embeddable":true,"href":"https:\/\/www.granadablogs.com\/juezcalatayud\/wp-json\/wp\/v2\/categories?post=1129"},{"taxonomy":"post_tag","embeddable":true,"href":"https:\/\/www.granadablogs.com\/juezcalatayud\/wp-json\/wp\/v2\/tags?post=1129"}],"curies":[{"name":"wp","href":"https:\/\/api.w.org\/{rel}","templated":true}]}}