{"id":1125,"date":"2011-02-18T17:51:44","date_gmt":"2011-02-18T16:51:44","guid":{"rendered":"http:\/\/www.granadablogs.com\/juezcalatayud\/?p=1125"},"modified":"2011-02-18T17:53:05","modified_gmt":"2011-02-18T16:53:05","slug":"condenados-unos-padres-por-no-llevar-a-su-hijo-al-colegio-durante-diez-anos","status":"publish","type":"post","link":"https:\/\/www.granadablogs.com\/juezcalatayud\/2011\/02\/condenados-unos-padres-por-no-llevar-a-su-hijo-al-colegio-durante-diez-anos\/","title":{"rendered":"Condenados unos padres por no llevar a su hijo al colegio durante diez a\u00f1os"},"content":{"rendered":"<div class=\"p\">Nadie, ni siquiera los padres, puede privar a unos ni\u00f1os de su derecho a la educaci\u00f3n. Es bueno que la Justicia act\u00fae en estos casos. Desgraciadamente, siempre hay casos, pero lo mejor es darle publicidad para que\u00a0todos tomemos nota y no nos olvidemos de nuestros deberes.\u00a0La informaci\u00f3n es del diario La Voz de C\u00e1diz. \u00abUnos padres de Chiclana han sido condenados por no llevar a su hijo al colegio desde hace m\u00e1s de diez a\u00f1os. Los hechos se iniciaron en el curso acad\u00e9mico 2000\/2001, y han seguido el procedimiento reglado por la delegaci\u00f3n de Asuntos Sociales en este tipo de casos tipificados como graves, hasta llegar a la Fiscal\u00eda del Menor de C\u00e1diz, y a la condena dictada hace unas semanas por un juzgado de la capital.<\/div>\n<div class=\"p\">Los hechos son constitutivos de un delito de abandono de familia, y la condena impuesta a los progenitores es de tres meses de prisi\u00f3n con inhabilitaci\u00f3n del derecho de sufragio pasivo durante el tiempo de la condena y costas por mitad. El juez manifiesta que el acusado omiti\u00f3 voluntariamente los deberes esenciales inherentes a la patria potestad, especialmente el de cuidado, educaci\u00f3n u formaci\u00f3n de su hijo, ya que el menor ha faltado injustificadamente en numerosas ocasiones al Centro Escolar desde el curso 2003-04 hasta el curso 2007-08.<\/div>\n<div class=\"p\">Se trata de la novena sentencia condenatoria a unos padres que se produce en Chiclana en los \u00faltimos meses. En este caso la gravedad de lo ocurrido es patente, dado el gran n\u00famero de a\u00f1os en los que el menor falt\u00f3 de manera reiterada a clase, llegando a no estar siquiera matriculado en algunos de ellos de forma \u00edntegra\u00bb.<\/div>\n","protected":false},"excerpt":{"rendered":"<p>Nadie, ni siquiera los padres, puede privar a unos ni\u00f1os de su derecho a la educaci\u00f3n. Es bueno que la Justicia act\u00fae en estos casos. Desgraciadamente, siempre hay casos, pero lo mejor es darle publicidad para que\u00a0todos tomemos nota y no nos olvidemos de nuestros deberes.\u00a0La informaci\u00f3n es del diario La Voz de C\u00e1diz. \u00abUnos [&hellip;]<\/p>\n","protected":false},"author":3,"featured_media":0,"comment_status":"open","ping_status":"open","sticky":false,"template":"","format":"standard","meta":{"jetpack_post_was_ever_published":false,"_jetpack_newsletter_access":"","_jetpack_dont_email_post_to_subs":false,"_jetpack_newsletter_tier_id":0,"_jetpack_memberships_contains_paywalled_content":false,"_jetpack_memberships_contains_paid_content":false,"footnotes":""},"categories":[1],"tags":[],"class_list":["post-1125","post","type-post","status-publish","format-standard","hentry","category-blog"],"jetpack_featured_media_url":"","jetpack_shortlink":"https:\/\/wp.me\/p5fzW5-i9","jetpack-related-posts":[],"jetpack_sharing_enabled":true,"_links":{"self":[{"href":"https:\/\/www.granadablogs.com\/juezcalatayud\/wp-json\/wp\/v2\/posts\/1125","targetHints":{"allow":["GET"]}}],"collection":[{"href":"https:\/\/www.granadablogs.com\/juezcalatayud\/wp-json\/wp\/v2\/posts"}],"about":[{"href":"https:\/\/www.granadablogs.com\/juezcalatayud\/wp-json\/wp\/v2\/types\/post"}],"author":[{"embeddable":true,"href":"https:\/\/www.granadablogs.com\/juezcalatayud\/wp-json\/wp\/v2\/users\/3"}],"replies":[{"embeddable":true,"href":"https:\/\/www.granadablogs.com\/juezcalatayud\/wp-json\/wp\/v2\/comments?post=1125"}],"version-history":[{"count":3,"href":"https:\/\/www.granadablogs.com\/juezcalatayud\/wp-json\/wp\/v2\/posts\/1125\/revisions"}],"predecessor-version":[{"id":1127,"href":"https:\/\/www.granadablogs.com\/juezcalatayud\/wp-json\/wp\/v2\/posts\/1125\/revisions\/1127"}],"wp:attachment":[{"href":"https:\/\/www.granadablogs.com\/juezcalatayud\/wp-json\/wp\/v2\/media?parent=1125"}],"wp:term":[{"taxonomy":"category","embeddable":true,"href":"https:\/\/www.granadablogs.com\/juezcalatayud\/wp-json\/wp\/v2\/categories?post=1125"},{"taxonomy":"post_tag","embeddable":true,"href":"https:\/\/www.granadablogs.com\/juezcalatayud\/wp-json\/wp\/v2\/tags?post=1125"}],"curies":[{"name":"wp","href":"https:\/\/api.w.org\/{rel}","templated":true}]}}