{"id":1123,"date":"2011-02-17T14:53:35","date_gmt":"2011-02-17T13:53:35","guid":{"rendered":"http:\/\/www.granadablogs.com\/juezcalatayud\/?p=1123"},"modified":"2011-02-17T14:53:35","modified_gmt":"2011-02-17T13:53:35","slug":"las-inquietantes-historias-de-ninos-robados","status":"publish","type":"post","link":"https:\/\/www.granadablogs.com\/juezcalatayud\/2011\/02\/las-inquietantes-historias-de-ninos-robados\/","title":{"rendered":"Las inquietantes historias de ni\u00f1os robados"},"content":{"rendered":"<div id=\"story-texto\" class=\"p\">La apertura de investigaciones se extiende imparable por toda Espa\u00f1a. La Fiscal\u00eda Provincial de Granada ha abierto hoy unas diligencias por los <a class=\"a\" href=\"http:\/\/www.ideal.es\/granada\/v\/20110106\/granada\/cuatro-posibles-casos-bebes-20110106.html\">cuatro posibles casos de beb\u00e9 robados<\/a> que se habr\u00edan producido en Granada entre los a\u00f1os 1953 y 1972. La investigaci\u00f3n afectar\u00eda al Hospital Real, que actual sede del rectorado de la Universidad de Granada.<\/div>\n<div id=\"U113984437643MRF\" class=\"p\">La fiscal jefe de Granada, Ana T\u00e1rrago, ha explicado a los periodistas que, de ser ciertos, los hechos son \u00abgrav\u00edsimos\u00bb, aunque tambi\u00e9n admiti\u00f3 que la investigaci\u00f3n ser\u00e1 complicada por el paso del tiempo.<\/div>\n<div class=\"p\">Hay decenas de expedientes\u00a0 como estos por toda Espa\u00f1a. Se han abierto a instancias de personas que sospechan que no son quienes cre\u00edan ser, que fueron vendidos nada m\u00e1s nacer, o de padres a los que dijeron que sus hijos hab\u00edan muerto pero que siempre se hab\u00edan temido que no fue as\u00ed, que est\u00e1n vivos viviendo otras vidas. Impresionante.<\/div>\n<div class=\"p\"><\/div>\n<div class=\"p\"><\/div>\n<div class=\"p\">l<\/div>\n<div id=\"U113984437643KWC\" class=\"p\"><\/div>\n","protected":false},"excerpt":{"rendered":"<p>La apertura de investigaciones se extiende imparable por toda Espa\u00f1a. La Fiscal\u00eda Provincial de Granada ha abierto hoy unas diligencias por los cuatro posibles casos de beb\u00e9 robados que se habr\u00edan producido en Granada entre los a\u00f1os 1953 y 1972. La investigaci\u00f3n afectar\u00eda al Hospital Real, que actual sede del rectorado de la Universidad de [&hellip;]<\/p>\n","protected":false},"author":3,"featured_media":0,"comment_status":"open","ping_status":"open","sticky":false,"template":"","format":"standard","meta":{"jetpack_post_was_ever_published":false,"_jetpack_newsletter_access":"","_jetpack_dont_email_post_to_subs":false,"_jetpack_newsletter_tier_id":0,"_jetpack_memberships_contains_paywalled_content":false,"_jetpack_memberships_contains_paid_content":false,"footnotes":""},"categories":[1],"tags":[],"class_list":["post-1123","post","type-post","status-publish","format-standard","hentry","category-blog"],"jetpack_featured_media_url":"","jetpack_shortlink":"https:\/\/wp.me\/p5fzW5-i7","jetpack-related-posts":[],"jetpack_sharing_enabled":true,"_links":{"self":[{"href":"https:\/\/www.granadablogs.com\/juezcalatayud\/wp-json\/wp\/v2\/posts\/1123","targetHints":{"allow":["GET"]}}],"collection":[{"href":"https:\/\/www.granadablogs.com\/juezcalatayud\/wp-json\/wp\/v2\/posts"}],"about":[{"href":"https:\/\/www.granadablogs.com\/juezcalatayud\/wp-json\/wp\/v2\/types\/post"}],"author":[{"embeddable":true,"href":"https:\/\/www.granadablogs.com\/juezcalatayud\/wp-json\/wp\/v2\/users\/3"}],"replies":[{"embeddable":true,"href":"https:\/\/www.granadablogs.com\/juezcalatayud\/wp-json\/wp\/v2\/comments?post=1123"}],"version-history":[{"count":1,"href":"https:\/\/www.granadablogs.com\/juezcalatayud\/wp-json\/wp\/v2\/posts\/1123\/revisions"}],"predecessor-version":[{"id":1124,"href":"https:\/\/www.granadablogs.com\/juezcalatayud\/wp-json\/wp\/v2\/posts\/1123\/revisions\/1124"}],"wp:attachment":[{"href":"https:\/\/www.granadablogs.com\/juezcalatayud\/wp-json\/wp\/v2\/media?parent=1123"}],"wp:term":[{"taxonomy":"category","embeddable":true,"href":"https:\/\/www.granadablogs.com\/juezcalatayud\/wp-json\/wp\/v2\/categories?post=1123"},{"taxonomy":"post_tag","embeddable":true,"href":"https:\/\/www.granadablogs.com\/juezcalatayud\/wp-json\/wp\/v2\/tags?post=1123"}],"curies":[{"name":"wp","href":"https:\/\/api.w.org\/{rel}","templated":true}]}}