{"id":11223,"date":"2019-08-22T20:15:13","date_gmt":"2019-08-22T18:15:13","guid":{"rendered":"https:\/\/www.granadablogs.com\/juezcalatayud\/?p=11223"},"modified":"2019-08-22T20:15:13","modified_gmt":"2019-08-22T18:15:13","slug":"se-lo-que-es-estudiar-en-verano-fui-juez-tras-hincar-los-codos-en-un-piso-a-40-grados-en-banador-y-con-hielo-embotellado-para-refrescarme","status":"publish","type":"post","link":"https:\/\/www.granadablogs.com\/juezcalatayud\/2019\/08\/se-lo-que-es-estudiar-en-verano-fui-juez-tras-hincar-los-codos-en-un-piso-a-40-grados-en-banador-y-con-hielo-embotellado-para-refrescarme\/","title":{"rendered":"S\u00e9 lo que es estudiar en verano: fui juez tras hincar los codos en un piso a 40 grados, en ba\u00f1ador y con hielo embotellado para refrescarme"},"content":{"rendered":"<p>&nbsp;<\/p>\n<figure id=\"attachment_8783\" aria-describedby=\"caption-attachment-8783\" style=\"width: 624px\" class=\"wp-caption aligncenter\"><img loading=\"lazy\" decoding=\"async\" class=\"wp-image-8783 size-full\" src=\"https:\/\/www.granadablogs.com\/juezcalatayud\/wp-content\/uploads\/2018\/07\/cero-y-Emilio.jpg\" alt=\"\" width=\"624\" height=\"385\" srcset=\"https:\/\/www.granadablogs.com\/juezcalatayud\/wp-content\/uploads\/2018\/07\/cero-y-Emilio.jpg 624w, https:\/\/www.granadablogs.com\/juezcalatayud\/wp-content\/uploads\/2018\/07\/cero-y-Emilio-300x185.jpg 300w\" sizes=\"auto, (max-width: 624px) 100vw, 624px\" \/><figcaption id=\"caption-attachment-8783\" class=\"wp-caption-text\">ideal.es<\/figcaption><\/figure>\n<p>Buenas. soy Emilio Calatayud. Quiero solidarizarme con todos los estudiantes que est\u00e1n hincando los codos para aprobar en septiembre. Yo tambi\u00e9n s\u00e9 lo que es estudiar en verano. Me saqu\u00e9 las oposiciones de juez tras estudiar todo un verano en un s\u00e9ptimo piso de Madrid y a 40 grados. No hab\u00eda aire acondicionado. Estudi\u00e1bamos doce horas diarias en ba\u00f1ador, un meyba de los de toda la vida. Y nos refriger\u00e1bamos con botellas rellenas de hielo.<\/p>\n<p>S\u00e9 lo que es estudiar en verano. Y no se me olvida.<\/p>\n<p>&nbsp;<\/p>\n","protected":false},"excerpt":{"rendered":"<p>&nbsp; Buenas. soy Emilio Calatayud. Quiero solidarizarme con todos los estudiantes que est\u00e1n hincando los codos para aprobar en septiembre. Yo tambi\u00e9n s\u00e9 lo que es estudiar en verano. Me saqu\u00e9 las oposiciones de juez tras estudiar todo un verano en un s\u00e9ptimo piso de Madrid y a 40 grados. No hab\u00eda aire acondicionado. Estudi\u00e1bamos [&hellip;]<\/p>\n","protected":false},"author":2,"featured_media":0,"comment_status":"open","ping_status":"open","sticky":false,"template":"","format":"standard","meta":{"jetpack_post_was_ever_published":false,"_jetpack_newsletter_access":"","_jetpack_dont_email_post_to_subs":false,"_jetpack_newsletter_tier_id":0,"_jetpack_memberships_contains_paywalled_content":false,"_jetpack_memberships_contains_paid_content":false,"footnotes":""},"categories":[1],"tags":[2467,441,692],"class_list":["post-11223","post","type-post","status-publish","format-standard","hentry","category-blog","tag-en","tag-estudiar","tag-verano"],"jetpack_featured_media_url":"","jetpack_shortlink":"https:\/\/wp.me\/p5fzW5-2V1","jetpack-related-posts":[],"jetpack_sharing_enabled":true,"_links":{"self":[{"href":"https:\/\/www.granadablogs.com\/juezcalatayud\/wp-json\/wp\/v2\/posts\/11223","targetHints":{"allow":["GET"]}}],"collection":[{"href":"https:\/\/www.granadablogs.com\/juezcalatayud\/wp-json\/wp\/v2\/posts"}],"about":[{"href":"https:\/\/www.granadablogs.com\/juezcalatayud\/wp-json\/wp\/v2\/types\/post"}],"author":[{"embeddable":true,"href":"https:\/\/www.granadablogs.com\/juezcalatayud\/wp-json\/wp\/v2\/users\/2"}],"replies":[{"embeddable":true,"href":"https:\/\/www.granadablogs.com\/juezcalatayud\/wp-json\/wp\/v2\/comments?post=11223"}],"version-history":[{"count":5,"href":"https:\/\/www.granadablogs.com\/juezcalatayud\/wp-json\/wp\/v2\/posts\/11223\/revisions"}],"predecessor-version":[{"id":11228,"href":"https:\/\/www.granadablogs.com\/juezcalatayud\/wp-json\/wp\/v2\/posts\/11223\/revisions\/11228"}],"wp:attachment":[{"href":"https:\/\/www.granadablogs.com\/juezcalatayud\/wp-json\/wp\/v2\/media?parent=11223"}],"wp:term":[{"taxonomy":"category","embeddable":true,"href":"https:\/\/www.granadablogs.com\/juezcalatayud\/wp-json\/wp\/v2\/categories?post=11223"},{"taxonomy":"post_tag","embeddable":true,"href":"https:\/\/www.granadablogs.com\/juezcalatayud\/wp-json\/wp\/v2\/tags?post=11223"}],"curies":[{"name":"wp","href":"https:\/\/api.w.org\/{rel}","templated":true}]}}