{"id":11163,"date":"2019-08-12T20:18:51","date_gmt":"2019-08-12T18:18:51","guid":{"rendered":"https:\/\/www.granadablogs.com\/juezcalatayud\/?p=11163"},"modified":"2019-08-12T20:49:22","modified_gmt":"2019-08-12T18:49:22","slug":"los-superpoderes-de-mi-amigo-juanlu-chavales-dejaos-de-retos-virales-y-esas-chorradas-y-aprended-de-el","status":"publish","type":"post","link":"https:\/\/www.granadablogs.com\/juezcalatayud\/2019\/08\/los-superpoderes-de-mi-amigo-juanlu-chavales-dejaos-de-retos-virales-y-esas-chorradas-y-aprended-de-el\/","title":{"rendered":"Los superpoderes de mi amigo Juanlu: chavales, dejaos de retos virales y esas chorradas, y aprended de \u00e9l"},"content":{"rendered":"<p><img loading=\"lazy\" decoding=\"async\" class=\"aligncenter wp-image-11169 size-large\" src=\"https:\/\/www.granadablogs.com\/juezcalatayud\/wp-content\/uploads\/2019\/08\/Juanlu-1-644x429.jpg\" alt=\"\" width=\"644\" height=\"429\" srcset=\"https:\/\/www.granadablogs.com\/juezcalatayud\/wp-content\/uploads\/2019\/08\/Juanlu-1-644x429.jpg 644w, https:\/\/www.granadablogs.com\/juezcalatayud\/wp-content\/uploads\/2019\/08\/Juanlu-1-300x200.jpg 300w, https:\/\/www.granadablogs.com\/juezcalatayud\/wp-content\/uploads\/2019\/08\/Juanlu-1-768x512.jpg 768w, https:\/\/www.granadablogs.com\/juezcalatayud\/wp-content\/uploads\/2019\/08\/Juanlu-1.jpg 1600w\" sizes=\"auto, (max-width: 644px) 100vw, 644px\" \/><\/p>\n<p>Buenas, soy Emilio Calatayud. Recientemente me encontr\u00e9 con mi amigo Juanlu por Granada y me alegr\u00f3 el d\u00eda. Bueno, me alegr\u00f3 varios d\u00edas.\u00a0 Ese es el mayor superpoder de Juanlu ( porque tiene varios): la alegr\u00eda de vivir. Tiene una discapacidad del 96%, pero con el apoyo de su hermano \u00d3liver,\u00a0 se hizo los 800 kil\u00f3metros del Camino de Santiago en su silla de ruedas. Chavales, dejaos de retos virales y esas chorradas, y aprended de \u00e9l, que bate retos y r\u00e9cords a diario.<\/p>\n<p>La ultima vez que estuvo en el juzgado coincidi\u00f3 con varios de mis &#8216;choricillos&#8217; y le regal\u00e9 una gorra de &#8216;poli&#8217; para que los vigilara. Nos partimos de risa.<\/p>\n<p>Aqu\u00ed os dejo un enlace para que ve\u00e1is el documental sobre su haza\u00f1a en el Camino de Santiago. Merece la pena verlo. \u00a1Tomad reto viral, chavales!<\/p>\n<p>&nbsp;<\/p>\n<p><iframe loading=\"lazy\" title=\"\u26a1\ufe0f\u00a1ESTRENO! PEL\u00cdCULA CAMINO SIN L\u00cdMITES - El Camino de Santiago | JOAN PLANAS\" width=\"500\" height=\"281\" src=\"https:\/\/www.youtube.com\/embed\/RYxrSI19Ee0?feature=oembed\" frameborder=\"0\" allow=\"accelerometer; autoplay; clipboard-write; encrypted-media; gyroscope; picture-in-picture; web-share\" referrerpolicy=\"strict-origin-when-cross-origin\" allowfullscreen><\/iframe><\/p>\n","protected":false},"excerpt":{"rendered":"<p>Buenas, soy Emilio Calatayud. Recientemente me encontr\u00e9 con mi amigo Juanlu por Granada y me alegr\u00f3 el d\u00eda. Bueno, me alegr\u00f3 varios d\u00edas.\u00a0 Ese es el mayor superpoder de Juanlu ( porque tiene varios): la alegr\u00eda de vivir. Tiene una discapacidad del 96%, pero con el apoyo de su hermano \u00d3liver,\u00a0 se hizo los 800 [&hellip;]<\/p>\n","protected":false},"author":2,"featured_media":0,"comment_status":"open","ping_status":"open","sticky":false,"template":"","format":"standard","meta":{"jetpack_post_was_ever_published":false,"_jetpack_newsletter_access":"","_jetpack_dont_email_post_to_subs":false,"_jetpack_newsletter_tier_id":0,"_jetpack_memberships_contains_paywalled_content":false,"_jetpack_memberships_contains_paid_content":false,"footnotes":""},"categories":[1],"tags":[1560,2283,2460],"class_list":["post-11163","post","type-post","status-publish","format-standard","hentry","category-blog","tag-amigo","tag-juanlu","tag-reto"],"jetpack_featured_media_url":"","jetpack_shortlink":"https:\/\/wp.me\/p5fzW5-2U3","jetpack-related-posts":[],"jetpack_sharing_enabled":true,"_links":{"self":[{"href":"https:\/\/www.granadablogs.com\/juezcalatayud\/wp-json\/wp\/v2\/posts\/11163","targetHints":{"allow":["GET"]}}],"collection":[{"href":"https:\/\/www.granadablogs.com\/juezcalatayud\/wp-json\/wp\/v2\/posts"}],"about":[{"href":"https:\/\/www.granadablogs.com\/juezcalatayud\/wp-json\/wp\/v2\/types\/post"}],"author":[{"embeddable":true,"href":"https:\/\/www.granadablogs.com\/juezcalatayud\/wp-json\/wp\/v2\/users\/2"}],"replies":[{"embeddable":true,"href":"https:\/\/www.granadablogs.com\/juezcalatayud\/wp-json\/wp\/v2\/comments?post=11163"}],"version-history":[{"count":7,"href":"https:\/\/www.granadablogs.com\/juezcalatayud\/wp-json\/wp\/v2\/posts\/11163\/revisions"}],"predecessor-version":[{"id":11173,"href":"https:\/\/www.granadablogs.com\/juezcalatayud\/wp-json\/wp\/v2\/posts\/11163\/revisions\/11173"}],"wp:attachment":[{"href":"https:\/\/www.granadablogs.com\/juezcalatayud\/wp-json\/wp\/v2\/media?parent=11163"}],"wp:term":[{"taxonomy":"category","embeddable":true,"href":"https:\/\/www.granadablogs.com\/juezcalatayud\/wp-json\/wp\/v2\/categories?post=11163"},{"taxonomy":"post_tag","embeddable":true,"href":"https:\/\/www.granadablogs.com\/juezcalatayud\/wp-json\/wp\/v2\/tags?post=11163"}],"curies":[{"name":"wp","href":"https:\/\/api.w.org\/{rel}","templated":true}]}}