{"id":10983,"date":"2019-07-12T20:16:53","date_gmt":"2019-07-12T18:16:53","guid":{"rendered":"https:\/\/www.granadablogs.com\/juezcalatayud\/?p=10983"},"modified":"2019-07-12T20:16:53","modified_gmt":"2019-07-12T18:16:53","slug":"si-no-habeis-puesto-limites-a-vuestros-hijos-no-los-dejeis-al-cuidado-de-los-abuelos-no-seais-crueles","status":"publish","type":"post","link":"https:\/\/www.granadablogs.com\/juezcalatayud\/2019\/07\/si-no-habeis-puesto-limites-a-vuestros-hijos-no-los-dejeis-al-cuidado-de-los-abuelos-no-seais-crueles\/","title":{"rendered":"Si no hab\u00e9is puesto l\u00edmites a vuestros hijos, no los dej\u00e9is al cuidado de los abuelos, no se\u00e1is crueles"},"content":{"rendered":"<p>&nbsp;<\/p>\n<figure id=\"attachment_8783\" aria-describedby=\"caption-attachment-8783\" style=\"width: 624px\" class=\"wp-caption aligncenter\"><img loading=\"lazy\" decoding=\"async\" class=\"wp-image-8783 size-full\" src=\"https:\/\/www.granadablogs.com\/juezcalatayud\/wp-content\/uploads\/2018\/07\/cero-y-Emilio.jpg\" alt=\"\" width=\"624\" height=\"385\" srcset=\"https:\/\/www.granadablogs.com\/juezcalatayud\/wp-content\/uploads\/2018\/07\/cero-y-Emilio.jpg 624w, https:\/\/www.granadablogs.com\/juezcalatayud\/wp-content\/uploads\/2018\/07\/cero-y-Emilio-300x185.jpg 300w\" sizes=\"auto, (max-width: 624px) 100vw, 624px\" \/><figcaption id=\"caption-attachment-8783\" class=\"wp-caption-text\">ideal.es<\/figcaption><\/figure>\n<p>Buenas, soy Emilio Calatayud. Queridos padres, si no hab\u00e9is sido capaces de poner l\u00edmites a vuestros hijos y han llegado a la preadolescencia o la adolescencia convertidos en los &#8216;sheriffs&#8217; de la casa, no los dej\u00e9is al cuidado de los abuelos ni siquiera una noche, no se\u00e1is crueles. Los abuelos no est\u00e1n para poner l\u00edmites. Los nietos tienen que llevarlos &#8216;incorporados&#8217; si van a casa de sus abuelos. Si vosotros no hab\u00e9is podido con vuestros hijos, no pretend\u00e1is que lo hagan los abuelos.<\/p>\n","protected":false},"excerpt":{"rendered":"<p>&nbsp; Buenas, soy Emilio Calatayud. Queridos padres, si no hab\u00e9is sido capaces de poner l\u00edmites a vuestros hijos y han llegado a la preadolescencia o la adolescencia convertidos en los &#8216;sheriffs&#8217; de la casa, no los dej\u00e9is al cuidado de los abuelos ni siquiera una noche, no se\u00e1is crueles. Los abuelos no est\u00e1n para poner [&hellip;]<\/p>\n","protected":false},"author":2,"featured_media":0,"comment_status":"open","ping_status":"open","sticky":false,"template":"","format":"standard","meta":{"jetpack_post_was_ever_published":false,"_jetpack_newsletter_access":"","_jetpack_dont_email_post_to_subs":false,"_jetpack_newsletter_tier_id":0,"_jetpack_memberships_contains_paywalled_content":false,"_jetpack_memberships_contains_paid_content":false,"footnotes":""},"categories":[1],"tags":[1018,1803,1019],"class_list":["post-10983","post","type-post","status-publish","format-standard","hentry","category-blog","tag-abuelos","tag-limites","tag-nietos"],"jetpack_featured_media_url":"","jetpack_shortlink":"https:\/\/wp.me\/p5fzW5-2R9","jetpack-related-posts":[],"jetpack_sharing_enabled":true,"_links":{"self":[{"href":"https:\/\/www.granadablogs.com\/juezcalatayud\/wp-json\/wp\/v2\/posts\/10983","targetHints":{"allow":["GET"]}}],"collection":[{"href":"https:\/\/www.granadablogs.com\/juezcalatayud\/wp-json\/wp\/v2\/posts"}],"about":[{"href":"https:\/\/www.granadablogs.com\/juezcalatayud\/wp-json\/wp\/v2\/types\/post"}],"author":[{"embeddable":true,"href":"https:\/\/www.granadablogs.com\/juezcalatayud\/wp-json\/wp\/v2\/users\/2"}],"replies":[{"embeddable":true,"href":"https:\/\/www.granadablogs.com\/juezcalatayud\/wp-json\/wp\/v2\/comments?post=10983"}],"version-history":[{"count":2,"href":"https:\/\/www.granadablogs.com\/juezcalatayud\/wp-json\/wp\/v2\/posts\/10983\/revisions"}],"predecessor-version":[{"id":10985,"href":"https:\/\/www.granadablogs.com\/juezcalatayud\/wp-json\/wp\/v2\/posts\/10983\/revisions\/10985"}],"wp:attachment":[{"href":"https:\/\/www.granadablogs.com\/juezcalatayud\/wp-json\/wp\/v2\/media?parent=10983"}],"wp:term":[{"taxonomy":"category","embeddable":true,"href":"https:\/\/www.granadablogs.com\/juezcalatayud\/wp-json\/wp\/v2\/categories?post=10983"},{"taxonomy":"post_tag","embeddable":true,"href":"https:\/\/www.granadablogs.com\/juezcalatayud\/wp-json\/wp\/v2\/tags?post=10983"}],"curies":[{"name":"wp","href":"https:\/\/api.w.org\/{rel}","templated":true}]}}