{"id":10942,"date":"2019-07-04T19:56:05","date_gmt":"2019-07-04T17:56:05","guid":{"rendered":"https:\/\/www.granadablogs.com\/juezcalatayud\/?p=10942"},"modified":"2019-07-04T19:56:05","modified_gmt":"2019-07-04T17:56:05","slug":"claro-que-hay-que-negociar-con-los-hijos-o-me-das-las-clave-del-movil-o-te-lo-pagas-tu","status":"publish","type":"post","link":"https:\/\/www.granadablogs.com\/juezcalatayud\/2019\/07\/claro-que-hay-que-negociar-con-los-hijos-o-me-das-las-clave-del-movil-o-te-lo-pagas-tu\/","title":{"rendered":"Claro que hay que negociar con los hijos: O me das las clave del m\u00f3vil o te lo pagas t\u00fa"},"content":{"rendered":"<p>&nbsp;<\/p>\n<figure id=\"attachment_9165\" aria-describedby=\"caption-attachment-9165\" style=\"width: 575px\" class=\"wp-caption aligncenter\"><img loading=\"lazy\" decoding=\"async\" class=\"wp-image-9165 size-full\" src=\"https:\/\/www.granadablogs.com\/juezcalatayud\/wp-content\/uploads\/2018\/09\/Luz.jpg\" alt=\"\" width=\"575\" height=\"310\" srcset=\"https:\/\/www.granadablogs.com\/juezcalatayud\/wp-content\/uploads\/2018\/09\/Luz.jpg 575w, https:\/\/www.granadablogs.com\/juezcalatayud\/wp-content\/uploads\/2018\/09\/Luz-300x162.jpg 300w\" sizes=\"auto, (max-width: 575px) 100vw, 575px\" \/><figcaption id=\"caption-attachment-9165\" class=\"wp-caption-text\">elcomercio.es<\/figcaption><\/figure>\n<p>Buenas, soy Emilio Calatayud. Hay un t\u00e9rmino que se emplea con mucha alegr\u00eda a la hora de hablar de las relaciones entre padres e hijos: me refiero al concepto &#8216;negociar&#8217;. No s\u00e9 si estoy muy de acuerdo con utilizar esta expresi\u00f3n, porque &#8216;negociar&#8217;, en mi modesta opini\u00f3n, sugiere que las partes est\u00e1n en el mismo plano, o sea, que son iguales, y yo eso no lo veo. Es verdad que todos somos iguales ante la ley, pero algunos, los padres, somos m\u00e1s iguales que otros, los hijos.<\/p>\n<p>Pero vamos, claro que estoy a favor de negociar con los hijos. Por ejemplo: O me das la clave del m\u00f3vil o te lo pagas t\u00fa. Y, de paso, rellena t\u00fa la matr\u00edcula del &#8216;insti&#8217; porque a m\u00ed no me da la gana hacerlo m\u00e1s. Y esto es innegociable.<\/p>\n","protected":false},"excerpt":{"rendered":"<p>&nbsp; Buenas, soy Emilio Calatayud. Hay un t\u00e9rmino que se emplea con mucha alegr\u00eda a la hora de hablar de las relaciones entre padres e hijos: me refiero al concepto &#8216;negociar&#8217;. No s\u00e9 si estoy muy de acuerdo con utilizar esta expresi\u00f3n, porque &#8216;negociar&#8217;, en mi modesta opini\u00f3n, sugiere que las partes est\u00e1n en el [&hellip;]<\/p>\n","protected":false},"author":2,"featured_media":0,"comment_status":"open","ping_status":"open","sticky":false,"template":"","format":"standard","meta":{"jetpack_post_was_ever_published":false,"_jetpack_newsletter_access":"","_jetpack_dont_email_post_to_subs":false,"_jetpack_newsletter_tier_id":0,"_jetpack_memberships_contains_paywalled_content":false,"_jetpack_memberships_contains_paid_content":false,"footnotes":""},"categories":[1],"tags":[1698,2430,2186],"class_list":["post-10942","post","type-post","status-publish","format-standard","hentry","category-blog","tag-con","tag-los-hijos","tag-negociar"],"jetpack_featured_media_url":"","jetpack_shortlink":"https:\/\/wp.me\/p5fzW5-2Qu","jetpack-related-posts":[],"jetpack_sharing_enabled":true,"_links":{"self":[{"href":"https:\/\/www.granadablogs.com\/juezcalatayud\/wp-json\/wp\/v2\/posts\/10942","targetHints":{"allow":["GET"]}}],"collection":[{"href":"https:\/\/www.granadablogs.com\/juezcalatayud\/wp-json\/wp\/v2\/posts"}],"about":[{"href":"https:\/\/www.granadablogs.com\/juezcalatayud\/wp-json\/wp\/v2\/types\/post"}],"author":[{"embeddable":true,"href":"https:\/\/www.granadablogs.com\/juezcalatayud\/wp-json\/wp\/v2\/users\/2"}],"replies":[{"embeddable":true,"href":"https:\/\/www.granadablogs.com\/juezcalatayud\/wp-json\/wp\/v2\/comments?post=10942"}],"version-history":[{"count":4,"href":"https:\/\/www.granadablogs.com\/juezcalatayud\/wp-json\/wp\/v2\/posts\/10942\/revisions"}],"predecessor-version":[{"id":10946,"href":"https:\/\/www.granadablogs.com\/juezcalatayud\/wp-json\/wp\/v2\/posts\/10942\/revisions\/10946"}],"wp:attachment":[{"href":"https:\/\/www.granadablogs.com\/juezcalatayud\/wp-json\/wp\/v2\/media?parent=10942"}],"wp:term":[{"taxonomy":"category","embeddable":true,"href":"https:\/\/www.granadablogs.com\/juezcalatayud\/wp-json\/wp\/v2\/categories?post=10942"},{"taxonomy":"post_tag","embeddable":true,"href":"https:\/\/www.granadablogs.com\/juezcalatayud\/wp-json\/wp\/v2\/tags?post=10942"}],"curies":[{"name":"wp","href":"https:\/\/api.w.org\/{rel}","templated":true}]}}