{"id":10860,"date":"2019-06-20T19:27:02","date_gmt":"2019-06-20T17:27:02","guid":{"rendered":"https:\/\/www.granadablogs.com\/juezcalatayud\/?p=10860"},"modified":"2019-06-20T19:27:02","modified_gmt":"2019-06-20T17:27:02","slug":"en-memoria-de-david-una-sociedad-que-mata-a-sus-profesores-es-una-sociedad-enferma","status":"publish","type":"post","link":"https:\/\/www.granadablogs.com\/juezcalatayud\/2019\/06\/en-memoria-de-david-una-sociedad-que-mata-a-sus-profesores-es-una-sociedad-enferma\/","title":{"rendered":"En memoria de David: una sociedad que mata a sus profesores es una sociedad enferma"},"content":{"rendered":"<p>&nbsp;<\/p>\n<figure id=\"attachment_10584\" aria-describedby=\"caption-attachment-10584\" style=\"width: 644px\" class=\"wp-caption aligncenter\"><img loading=\"lazy\" decoding=\"async\" class=\"wp-image-10584 size-large\" src=\"https:\/\/www.granadablogs.com\/juezcalatayud\/wp-content\/uploads\/2019\/05\/Emi-nueva-644x429.jpg\" alt=\"\" width=\"644\" height=\"429\" srcset=\"https:\/\/www.granadablogs.com\/juezcalatayud\/wp-content\/uploads\/2019\/05\/Emi-nueva-644x429.jpg 644w, https:\/\/www.granadablogs.com\/juezcalatayud\/wp-content\/uploads\/2019\/05\/Emi-nueva-300x200.jpg 300w, https:\/\/www.granadablogs.com\/juezcalatayud\/wp-content\/uploads\/2019\/05\/Emi-nueva-768x512.jpg 768w\" sizes=\"auto, (max-width: 644px) 100vw, 644px\" \/><figcaption id=\"caption-attachment-10584\" class=\"wp-caption-text\">Foto: Alfredo Aguilar.<\/figcaption><\/figure>\n<p>Buenas, soy Emilio Calatayud. Julia es profesora de Filosof\u00eda y ha escrito al blog para dejar patente su dolor y su incredulidad por la muerte violenta de David, amigo y compa\u00f1ero de profesi\u00f3n de solo 33 a\u00f1os. Seguro que todos conoc\u00e9is la historia: tres j\u00f3venes fueron detenidos por su presunta implicaci\u00f3n en un hecho tan dram\u00e1tico como absurdo. Uno de ellos est\u00e1 en prisi\u00f3n por ser el supuesto autor de la patada que acab\u00f3 con la vida de David. La propia Julia cuenta la historia, yo lo \u00fanico que puedo decir es que una sociedad que mata a su maestros es una sociedad enferma. Menos\u00a0 mal que tenemos a los maestros para intentar curarla. \u00abUn gran amigo y compa\u00f1ero de trabajo, de 33 a\u00f1os, fue brutalmente golpeado, en unas fiestas de Oviedo, Asturias, y est\u00e1 muerto. Lo enterramos ayer.\u00a0Soy profesora de Filosof\u00eda y trabaj\u00e9 con David 10 a\u00f1os, era como un hermano, \u00e9l hubiera hecho un mundo mejor, no s\u00e9 qu\u00e9 estamos haciendo mal en esta sociedad entre todos, las familias, no poner l\u00edmites, las redes sociales, los videojuegos, los m\u00f3viles&#8230; yo tambi\u00e9n tengo un hijo de 5 a\u00f1os, y estoy muerta de miedo&#8230;\u00bb.<\/p>\n<p>Descanse en paz David y nuestro p\u00e9same para su familia y sus amigos.<\/p>\n","protected":false},"excerpt":{"rendered":"<p>&nbsp; Buenas, soy Emilio Calatayud. Julia es profesora de Filosof\u00eda y ha escrito al blog para dejar patente su dolor y su incredulidad por la muerte violenta de David, amigo y compa\u00f1ero de profesi\u00f3n de solo 33 a\u00f1os. Seguro que todos conoc\u00e9is la historia: tres j\u00f3venes fueron detenidos por su presunta implicaci\u00f3n en un hecho [&hellip;]<\/p>\n","protected":false},"author":2,"featured_media":0,"comment_status":"open","ping_status":"open","sticky":false,"template":"","format":"standard","meta":{"jetpack_post_was_ever_published":false,"_jetpack_newsletter_access":"","_jetpack_dont_email_post_to_subs":false,"_jetpack_newsletter_tier_id":0,"_jetpack_memberships_contains_paywalled_content":false,"_jetpack_memberships_contains_paid_content":false,"footnotes":""},"categories":[1],"tags":[2420,675,1587],"class_list":["post-10860","post","type-post","status-publish","format-standard","hentry","category-blog","tag-david","tag-muerte","tag-profesor"],"jetpack_featured_media_url":"","jetpack_shortlink":"https:\/\/wp.me\/p5fzW5-2Pa","jetpack-related-posts":[],"jetpack_sharing_enabled":true,"_links":{"self":[{"href":"https:\/\/www.granadablogs.com\/juezcalatayud\/wp-json\/wp\/v2\/posts\/10860","targetHints":{"allow":["GET"]}}],"collection":[{"href":"https:\/\/www.granadablogs.com\/juezcalatayud\/wp-json\/wp\/v2\/posts"}],"about":[{"href":"https:\/\/www.granadablogs.com\/juezcalatayud\/wp-json\/wp\/v2\/types\/post"}],"author":[{"embeddable":true,"href":"https:\/\/www.granadablogs.com\/juezcalatayud\/wp-json\/wp\/v2\/users\/2"}],"replies":[{"embeddable":true,"href":"https:\/\/www.granadablogs.com\/juezcalatayud\/wp-json\/wp\/v2\/comments?post=10860"}],"version-history":[{"count":5,"href":"https:\/\/www.granadablogs.com\/juezcalatayud\/wp-json\/wp\/v2\/posts\/10860\/revisions"}],"predecessor-version":[{"id":10865,"href":"https:\/\/www.granadablogs.com\/juezcalatayud\/wp-json\/wp\/v2\/posts\/10860\/revisions\/10865"}],"wp:attachment":[{"href":"https:\/\/www.granadablogs.com\/juezcalatayud\/wp-json\/wp\/v2\/media?parent=10860"}],"wp:term":[{"taxonomy":"category","embeddable":true,"href":"https:\/\/www.granadablogs.com\/juezcalatayud\/wp-json\/wp\/v2\/categories?post=10860"},{"taxonomy":"post_tag","embeddable":true,"href":"https:\/\/www.granadablogs.com\/juezcalatayud\/wp-json\/wp\/v2\/tags?post=10860"}],"curies":[{"name":"wp","href":"https:\/\/api.w.org\/{rel}","templated":true}]}}