{"id":10858,"date":"2019-06-19T20:06:08","date_gmt":"2019-06-19T18:06:08","guid":{"rendered":"https:\/\/www.granadablogs.com\/juezcalatayud\/?p=10858"},"modified":"2019-06-19T20:06:08","modified_gmt":"2019-06-19T18:06:08","slug":"sigue-bajando-la-natalidad-en-espana-en-lugar-de-hijos-preferimos-tener-un-audi-y-un-peazo-movil","status":"publish","type":"post","link":"https:\/\/www.granadablogs.com\/juezcalatayud\/2019\/06\/sigue-bajando-la-natalidad-en-espana-en-lugar-de-hijos-preferimos-tener-un-audi-y-un-peazo-movil\/","title":{"rendered":"Sigue bajando la natalidad en Espa\u00f1a: en lugar de hijos, preferimos tener un audi y un &#8216;peazo&#8217; m\u00f3vil"},"content":{"rendered":"<p>&nbsp;<\/p>\n<figure id=\"attachment_8713\" aria-describedby=\"caption-attachment-8713\" style=\"width: 575px\" class=\"wp-caption aligncenter\"><img loading=\"lazy\" decoding=\"async\" class=\"wp-image-8713 size-full\" src=\"https:\/\/www.granadablogs.com\/juezcalatayud\/wp-content\/uploads\/2018\/06\/Notas-emi.jpg\" alt=\"\" width=\"575\" height=\"323\" srcset=\"https:\/\/www.granadablogs.com\/juezcalatayud\/wp-content\/uploads\/2018\/06\/Notas-emi.jpg 575w, https:\/\/www.granadablogs.com\/juezcalatayud\/wp-content\/uploads\/2018\/06\/Notas-emi-300x169.jpg 300w\" sizes=\"auto, (max-width: 575px) 100vw, 575px\" \/><figcaption id=\"caption-attachment-8713\" class=\"wp-caption-text\">xlsemanal.com<\/figcaption><\/figure>\n<p>Buenas, soy Emilio Calatayud. A\u00f1o tras a\u00f1o, nacen menos espa\u00f1olitos. La natalidad tambi\u00e9n cay\u00f3 en 2018, seg\u00fan los \u00faltimos datos que se acaban de dar a conocer. Y llevamos as\u00ed una d\u00e9cada: durante ese tiempo, el desplome acumulado es del 40%. Al final, a los espa\u00f1oles no nos afectar\u00e1 el cambio clim\u00e1tico porque no habr\u00e1 espa\u00f1oles para sufrirlo. En lugar de tener hijos, preferimos tener un audi y un &#8216;peazo&#8217; de tel\u00e9fono m\u00f3vil de \u00faltima generaci\u00f3n. O un perro. Dan menos problemas. Ser padres es dif\u00edcil y las nuevas generaciones no quieren &#8216;inrritaciones&#8217;, como decimos en Granada.<\/p>\n<p>Es verdad que los sueldos, en muchos casos, son para llorar. Y as\u00ed es dif\u00edcil plantearse tener descendencia. Si pueden ahorrar algo, se hacen un crucero. Pero peor era la situaci\u00f3n despu\u00e9s de la Guerra Civil y las familias ten\u00edan cinco o seis hijos de media. Pero no comparemos, que las comparaciones siempre son odiosas. Son otros tiempos. Eso s\u00ed, los audis no cotizan y, por tanto, no aportar para pagar las pensiones. Ah\u00ed lo dejo.<\/p>\n","protected":false},"excerpt":{"rendered":"<p>&nbsp; Buenas, soy Emilio Calatayud. A\u00f1o tras a\u00f1o, nacen menos espa\u00f1olitos. La natalidad tambi\u00e9n cay\u00f3 en 2018, seg\u00fan los \u00faltimos datos que se acaban de dar a conocer. Y llevamos as\u00ed una d\u00e9cada: durante ese tiempo, el desplome acumulado es del 40%. Al final, a los espa\u00f1oles no nos afectar\u00e1 el cambio clim\u00e1tico porque no [&hellip;]<\/p>\n","protected":false},"author":2,"featured_media":0,"comment_status":"open","ping_status":"open","sticky":false,"template":"","format":"standard","meta":{"jetpack_post_was_ever_published":false,"_jetpack_newsletter_access":"","_jetpack_dont_email_post_to_subs":false,"_jetpack_newsletter_tier_id":0,"_jetpack_memberships_contains_paywalled_content":false,"_jetpack_memberships_contains_paid_content":false,"footnotes":""},"categories":[1],"tags":[2419,270,381],"class_list":["post-10858","post","type-post","status-publish","format-standard","hentry","category-blog","tag-cae","tag-espana","tag-natalidad"],"jetpack_featured_media_url":"","jetpack_shortlink":"https:\/\/wp.me\/p5fzW5-2P8","jetpack-related-posts":[],"jetpack_sharing_enabled":true,"_links":{"self":[{"href":"https:\/\/www.granadablogs.com\/juezcalatayud\/wp-json\/wp\/v2\/posts\/10858","targetHints":{"allow":["GET"]}}],"collection":[{"href":"https:\/\/www.granadablogs.com\/juezcalatayud\/wp-json\/wp\/v2\/posts"}],"about":[{"href":"https:\/\/www.granadablogs.com\/juezcalatayud\/wp-json\/wp\/v2\/types\/post"}],"author":[{"embeddable":true,"href":"https:\/\/www.granadablogs.com\/juezcalatayud\/wp-json\/wp\/v2\/users\/2"}],"replies":[{"embeddable":true,"href":"https:\/\/www.granadablogs.com\/juezcalatayud\/wp-json\/wp\/v2\/comments?post=10858"}],"version-history":[{"count":1,"href":"https:\/\/www.granadablogs.com\/juezcalatayud\/wp-json\/wp\/v2\/posts\/10858\/revisions"}],"predecessor-version":[{"id":10859,"href":"https:\/\/www.granadablogs.com\/juezcalatayud\/wp-json\/wp\/v2\/posts\/10858\/revisions\/10859"}],"wp:attachment":[{"href":"https:\/\/www.granadablogs.com\/juezcalatayud\/wp-json\/wp\/v2\/media?parent=10858"}],"wp:term":[{"taxonomy":"category","embeddable":true,"href":"https:\/\/www.granadablogs.com\/juezcalatayud\/wp-json\/wp\/v2\/categories?post=10858"},{"taxonomy":"post_tag","embeddable":true,"href":"https:\/\/www.granadablogs.com\/juezcalatayud\/wp-json\/wp\/v2\/tags?post=10858"}],"curies":[{"name":"wp","href":"https:\/\/api.w.org\/{rel}","templated":true}]}}