{"id":10791,"date":"2019-06-06T20:24:13","date_gmt":"2019-06-06T18:24:13","guid":{"rendered":"https:\/\/www.granadablogs.com\/juezcalatayud\/?p=10791"},"modified":"2019-06-06T20:24:13","modified_gmt":"2019-06-06T18:24:13","slug":"el-ave-llega-a-granada-tras-una-espera-de-solo-20-anos-y-el-granada-vuelve-a-primera-preparate-uropa","status":"publish","type":"post","link":"https:\/\/www.granadablogs.com\/juezcalatayud\/2019\/06\/el-ave-llega-a-granada-tras-una-espera-de-solo-20-anos-y-el-granada-vuelve-a-primera-preparate-uropa\/","title":{"rendered":"El AVE llega a Granada tras una espera de &#8216;solo&#8217; 20 a\u00f1os y el Granada vuelve a Primera: \u00a1Prep\u00e1rate &#8216;Uropa&#8217;!"},"content":{"rendered":"<p>&nbsp;<\/p>\n<figure id=\"attachment_9527\" aria-describedby=\"caption-attachment-9527\" style=\"width: 624px\" class=\"wp-caption aligncenter\"><img loading=\"lazy\" decoding=\"async\" class=\"wp-image-9527 size-full\" src=\"https:\/\/www.granadablogs.com\/juezcalatayud\/wp-content\/uploads\/2018\/11\/Cartero.jpg\" alt=\"\" width=\"624\" height=\"415\" srcset=\"https:\/\/www.granadablogs.com\/juezcalatayud\/wp-content\/uploads\/2018\/11\/Cartero.jpg 624w, https:\/\/www.granadablogs.com\/juezcalatayud\/wp-content\/uploads\/2018\/11\/Cartero-300x200.jpg 300w\" sizes=\"auto, (max-width: 624px) 100vw, 624px\" \/><figcaption id=\"caption-attachment-9527\" class=\"wp-caption-text\">Foto: Pepe Mar\u00edn.<\/figcaption><\/figure>\n<p>Buenas, soy Emilio Calatayud. Los que sois de Gran\u00e1 y la mayor parte de los que no lo sois sab\u00e9is que aqu\u00ed, en Gran\u00e1, tenemos el Albaic\u00edn, la Alhambra, Sierra Nevada, la Costa Tropical, las tapas, las casas-cueva y la malafoll\u00e1, maravillas todas ellas que son la envidia del mundo y parte del extranjero. Vamos, que lo tenemos casi &#8216;t\u00f3&#8217;. Casi, porque nos faltaba el AVE y ya va a llegar. Tras una espera de &#8216;solo&#8217; 20 a\u00f1os, los trenes de alta velocidad llegar\u00e1n a la Estaci\u00f3n de Andaluces de la capital. Ni que decir tiene que este nuevo medio de transporte va a ser muy importante para una potencia tur\u00edstica de primer orden como es Granada. Pero es que, adem\u00e1s, el Granada ha vuelto a la Primera divisi\u00f3n del f\u00fatbol espa\u00f1ol. Dos grandes noticias que nos animan a gritar a los cuatro vientos: \u00a1Prep\u00e1rate &#8216;Uropa&#8217;!<\/p>\n<p>Venid a Gran\u00e1, no os arrepentir\u00e9is. En serio.<\/p>\n","protected":false},"excerpt":{"rendered":"<p>&nbsp; Buenas, soy Emilio Calatayud. Los que sois de Gran\u00e1 y la mayor parte de los que no lo sois sab\u00e9is que aqu\u00ed, en Gran\u00e1, tenemos el Albaic\u00edn, la Alhambra, Sierra Nevada, la Costa Tropical, las tapas, las casas-cueva y la malafoll\u00e1, maravillas todas ellas que son la envidia del mundo y parte del extranjero. [&hellip;]<\/p>\n","protected":false},"author":2,"featured_media":0,"comment_status":"open","ping_status":"open","sticky":false,"template":"","format":"standard","meta":{"jetpack_post_was_ever_published":false,"_jetpack_newsletter_access":"","_jetpack_dont_email_post_to_subs":false,"_jetpack_newsletter_tier_id":0,"_jetpack_memberships_contains_paywalled_content":false,"_jetpack_memberships_contains_paid_content":false,"footnotes":""},"categories":[1],"tags":[1326,1048],"class_list":["post-10791","post","type-post","status-publish","format-standard","hentry","category-blog","tag-ave","tag-primera"],"jetpack_featured_media_url":"","jetpack_shortlink":"https:\/\/wp.me\/p5fzW5-2O3","jetpack-related-posts":[],"jetpack_sharing_enabled":true,"_links":{"self":[{"href":"https:\/\/www.granadablogs.com\/juezcalatayud\/wp-json\/wp\/v2\/posts\/10791","targetHints":{"allow":["GET"]}}],"collection":[{"href":"https:\/\/www.granadablogs.com\/juezcalatayud\/wp-json\/wp\/v2\/posts"}],"about":[{"href":"https:\/\/www.granadablogs.com\/juezcalatayud\/wp-json\/wp\/v2\/types\/post"}],"author":[{"embeddable":true,"href":"https:\/\/www.granadablogs.com\/juezcalatayud\/wp-json\/wp\/v2\/users\/2"}],"replies":[{"embeddable":true,"href":"https:\/\/www.granadablogs.com\/juezcalatayud\/wp-json\/wp\/v2\/comments?post=10791"}],"version-history":[{"count":2,"href":"https:\/\/www.granadablogs.com\/juezcalatayud\/wp-json\/wp\/v2\/posts\/10791\/revisions"}],"predecessor-version":[{"id":10793,"href":"https:\/\/www.granadablogs.com\/juezcalatayud\/wp-json\/wp\/v2\/posts\/10791\/revisions\/10793"}],"wp:attachment":[{"href":"https:\/\/www.granadablogs.com\/juezcalatayud\/wp-json\/wp\/v2\/media?parent=10791"}],"wp:term":[{"taxonomy":"category","embeddable":true,"href":"https:\/\/www.granadablogs.com\/juezcalatayud\/wp-json\/wp\/v2\/categories?post=10791"},{"taxonomy":"post_tag","embeddable":true,"href":"https:\/\/www.granadablogs.com\/juezcalatayud\/wp-json\/wp\/v2\/tags?post=10791"}],"curies":[{"name":"wp","href":"https:\/\/api.w.org\/{rel}","templated":true}]}}