{"id":10782,"date":"2019-06-04T23:04:51","date_gmt":"2019-06-04T21:04:51","guid":{"rendered":"https:\/\/www.granadablogs.com\/juezcalatayud\/?p=10782"},"modified":"2019-06-04T23:04:51","modified_gmt":"2019-06-04T21:04:51","slug":"el-granada-vuelve-a-la-primera-division-una-alegria-para-los-que-somos-futboleros-y-para-los-que-no-lo-son","status":"publish","type":"post","link":"https:\/\/www.granadablogs.com\/juezcalatayud\/2019\/06\/el-granada-vuelve-a-la-primera-division-una-alegria-para-los-que-somos-futboleros-y-para-los-que-no-lo-son\/","title":{"rendered":"El Granada vuelve a la Primera divisi\u00f3n, una alegr\u00eda para los que somos futboleros y para los que no lo son"},"content":{"rendered":"<p>&nbsp;<\/p>\n<figure id=\"attachment_8809\" aria-describedby=\"caption-attachment-8809\" style=\"width: 624px\" class=\"wp-caption aligncenter\"><img loading=\"lazy\" decoding=\"async\" class=\"wp-image-8809 size-full\" src=\"https:\/\/www.granadablogs.com\/juezcalatayud\/wp-content\/uploads\/2018\/07\/rostro.jpg\" alt=\"\" width=\"624\" height=\"384\" srcset=\"https:\/\/www.granadablogs.com\/juezcalatayud\/wp-content\/uploads\/2018\/07\/rostro.jpg 624w, https:\/\/www.granadablogs.com\/juezcalatayud\/wp-content\/uploads\/2018\/07\/rostro-300x185.jpg 300w\" sizes=\"auto, (max-width: 624px) 100vw, 624px\" \/><figcaption id=\"caption-attachment-8809\" class=\"wp-caption-text\">ideal.es<\/figcaption><\/figure>\n<p>Buenas, soy Emilio Calatayud. Tras dos temporadas en Segunda divisi\u00f3n, el Granada vuelve a la Primera Divisi\u00f3n! Enhorabuena. Es una buena noticia y una alegr\u00eda para los que somos futboleros y para los que no lo son.<\/p>\n","protected":false},"excerpt":{"rendered":"<p>&nbsp; Buenas, soy Emilio Calatayud. Tras dos temporadas en Segunda divisi\u00f3n, el Granada vuelve a la Primera Divisi\u00f3n! Enhorabuena. Es una buena noticia y una alegr\u00eda para los que somos futboleros y para los que no lo son.<\/p>\n","protected":false},"author":2,"featured_media":0,"comment_status":"open","ping_status":"open","sticky":false,"template":"","format":"standard","meta":{"jetpack_post_was_ever_published":false,"_jetpack_newsletter_access":"","_jetpack_dont_email_post_to_subs":false,"_jetpack_newsletter_tier_id":0,"_jetpack_memberships_contains_paywalled_content":false,"_jetpack_memberships_contains_paid_content":false,"footnotes":""},"categories":[1],"tags":[15,1048,2234],"class_list":["post-10782","post","type-post","status-publish","format-standard","hentry","category-blog","tag-granada","tag-primera","tag-vuelve"],"jetpack_featured_media_url":"","jetpack_shortlink":"https:\/\/wp.me\/p5fzW5-2NU","jetpack-related-posts":[],"jetpack_sharing_enabled":true,"_links":{"self":[{"href":"https:\/\/www.granadablogs.com\/juezcalatayud\/wp-json\/wp\/v2\/posts\/10782","targetHints":{"allow":["GET"]}}],"collection":[{"href":"https:\/\/www.granadablogs.com\/juezcalatayud\/wp-json\/wp\/v2\/posts"}],"about":[{"href":"https:\/\/www.granadablogs.com\/juezcalatayud\/wp-json\/wp\/v2\/types\/post"}],"author":[{"embeddable":true,"href":"https:\/\/www.granadablogs.com\/juezcalatayud\/wp-json\/wp\/v2\/users\/2"}],"replies":[{"embeddable":true,"href":"https:\/\/www.granadablogs.com\/juezcalatayud\/wp-json\/wp\/v2\/comments?post=10782"}],"version-history":[{"count":4,"href":"https:\/\/www.granadablogs.com\/juezcalatayud\/wp-json\/wp\/v2\/posts\/10782\/revisions"}],"predecessor-version":[{"id":10786,"href":"https:\/\/www.granadablogs.com\/juezcalatayud\/wp-json\/wp\/v2\/posts\/10782\/revisions\/10786"}],"wp:attachment":[{"href":"https:\/\/www.granadablogs.com\/juezcalatayud\/wp-json\/wp\/v2\/media?parent=10782"}],"wp:term":[{"taxonomy":"category","embeddable":true,"href":"https:\/\/www.granadablogs.com\/juezcalatayud\/wp-json\/wp\/v2\/categories?post=10782"},{"taxonomy":"post_tag","embeddable":true,"href":"https:\/\/www.granadablogs.com\/juezcalatayud\/wp-json\/wp\/v2\/tags?post=10782"}],"curies":[{"name":"wp","href":"https:\/\/api.w.org\/{rel}","templated":true}]}}