{"id":10597,"date":"2019-05-05T17:22:48","date_gmt":"2019-05-05T15:22:48","guid":{"rendered":"https:\/\/www.granadablogs.com\/juezcalatayud\/?p=10597"},"modified":"2019-05-05T17:22:48","modified_gmt":"2019-05-05T15:22:48","slug":"felicidades-mamas-y-animo-a-las-que-habeis-tenido-que-denunciar-a-vuestros-hijos-duele-pero-ahora-descansad","status":"publish","type":"post","link":"https:\/\/www.granadablogs.com\/juezcalatayud\/2019\/05\/felicidades-mamas-y-animo-a-las-que-habeis-tenido-que-denunciar-a-vuestros-hijos-duele-pero-ahora-descansad\/","title":{"rendered":"Felicidades mam\u00e1s, y \u00e1nimo a las que hab\u00e9is tenido que denunciar a vuestros hijos: duele, pero ahora descansad"},"content":{"rendered":"<p>&nbsp;<\/p>\n<figure id=\"attachment_7727\" aria-describedby=\"caption-attachment-7727\" style=\"width: 644px\" class=\"wp-caption aligncenter\"><img loading=\"lazy\" decoding=\"async\" class=\"wp-image-7727 size-large\" src=\"https:\/\/www.granadablogs.com\/juezcalatayud\/wp-content\/uploads\/2018\/02\/juezjuez-644x398.jpg\" alt=\"\" width=\"644\" height=\"398\" srcset=\"https:\/\/www.granadablogs.com\/juezcalatayud\/wp-content\/uploads\/2018\/02\/juezjuez-644x398.jpg 644w, https:\/\/www.granadablogs.com\/juezcalatayud\/wp-content\/uploads\/2018\/02\/juezjuez-300x185.jpg 300w, https:\/\/www.granadablogs.com\/juezcalatayud\/wp-content\/uploads\/2018\/02\/juezjuez.jpg 648w\" sizes=\"auto, (max-width: 644px) 100vw, 644px\" \/><figcaption id=\"caption-attachment-7727\" class=\"wp-caption-text\">IDEAL.<\/figcaption><\/figure>\n<p>Buenas, soy Emilio Calatayud. Felicidades a todas las mam\u00e1s y a todas las abuelas. Quiero acordarme especialmente de todas las madres que os hab\u00e9is visto obligadas a denunciar a vuestros hijos porque os hac\u00edan la vida imposible. S\u00e9 que duele. Y mucho. Y m\u00e1s a\u00fan si los ni\u00f1os est\u00e1n encerrados. Aprovechad para descansar, que ya hab\u00e9is sufrido bastante. Ellos ahora no est\u00e1n. No ten\u00e9is que estar &#8216;encogidas&#8217; y con el coraz\u00f3n en un pu\u00f1o. Descansad. Esto tiene arreglo.<\/p>\n","protected":false},"excerpt":{"rendered":"<p>&nbsp; Buenas, soy Emilio Calatayud. Felicidades a todas las mam\u00e1s y a todas las abuelas. Quiero acordarme especialmente de todas las madres que os hab\u00e9is visto obligadas a denunciar a vuestros hijos porque os hac\u00edan la vida imposible. S\u00e9 que duele. Y mucho. Y m\u00e1s a\u00fan si los ni\u00f1os est\u00e1n encerrados. Aprovechad para descansar, que [&hellip;]<\/p>\n","protected":false},"author":2,"featured_media":0,"comment_status":"open","ping_status":"open","sticky":false,"template":"","format":"standard","meta":{"jetpack_post_was_ever_published":false,"_jetpack_newsletter_access":"","_jetpack_dont_email_post_to_subs":false,"_jetpack_newsletter_tier_id":0,"_jetpack_memberships_contains_paywalled_content":false,"_jetpack_memberships_contains_paid_content":false,"footnotes":""},"categories":[1],"tags":[2021,624,369],"class_list":["post-10597","post","type-post","status-publish","format-standard","hentry","category-blog","tag-de-la","tag-dia","tag-madre"],"jetpack_featured_media_url":"","jetpack_shortlink":"https:\/\/wp.me\/p5fzW5-2KV","jetpack-related-posts":[],"jetpack_sharing_enabled":true,"_links":{"self":[{"href":"https:\/\/www.granadablogs.com\/juezcalatayud\/wp-json\/wp\/v2\/posts\/10597","targetHints":{"allow":["GET"]}}],"collection":[{"href":"https:\/\/www.granadablogs.com\/juezcalatayud\/wp-json\/wp\/v2\/posts"}],"about":[{"href":"https:\/\/www.granadablogs.com\/juezcalatayud\/wp-json\/wp\/v2\/types\/post"}],"author":[{"embeddable":true,"href":"https:\/\/www.granadablogs.com\/juezcalatayud\/wp-json\/wp\/v2\/users\/2"}],"replies":[{"embeddable":true,"href":"https:\/\/www.granadablogs.com\/juezcalatayud\/wp-json\/wp\/v2\/comments?post=10597"}],"version-history":[{"count":2,"href":"https:\/\/www.granadablogs.com\/juezcalatayud\/wp-json\/wp\/v2\/posts\/10597\/revisions"}],"predecessor-version":[{"id":10599,"href":"https:\/\/www.granadablogs.com\/juezcalatayud\/wp-json\/wp\/v2\/posts\/10597\/revisions\/10599"}],"wp:attachment":[{"href":"https:\/\/www.granadablogs.com\/juezcalatayud\/wp-json\/wp\/v2\/media?parent=10597"}],"wp:term":[{"taxonomy":"category","embeddable":true,"href":"https:\/\/www.granadablogs.com\/juezcalatayud\/wp-json\/wp\/v2\/categories?post=10597"},{"taxonomy":"post_tag","embeddable":true,"href":"https:\/\/www.granadablogs.com\/juezcalatayud\/wp-json\/wp\/v2\/tags?post=10597"}],"curies":[{"name":"wp","href":"https:\/\/api.w.org\/{rel}","templated":true}]}}