{"id":10441,"date":"2019-04-07T20:25:40","date_gmt":"2019-04-07T18:25:40","guid":{"rendered":"https:\/\/www.granadablogs.com\/juezcalatayud\/?p=10441"},"modified":"2019-04-07T20:25:40","modified_gmt":"2019-04-07T18:25:40","slug":"algo-que-los-padres-estan-deseando-escuchar-porque-les-da-tranquilidad","status":"publish","type":"post","link":"https:\/\/www.granadablogs.com\/juezcalatayud\/2019\/04\/algo-que-los-padres-estan-deseando-escuchar-porque-les-da-tranquilidad\/","title":{"rendered":"Algo que los padres est\u00e1n deseando escuchar porque les da tranquilidad&#8230;"},"content":{"rendered":"<p>&nbsp;<\/p>\n<figure id=\"attachment_8809\" aria-describedby=\"caption-attachment-8809\" style=\"width: 624px\" class=\"wp-caption aligncenter\"><img loading=\"lazy\" decoding=\"async\" class=\"wp-image-8809 size-full\" src=\"https:\/\/www.granadablogs.com\/juezcalatayud\/wp-content\/uploads\/2018\/07\/rostro.jpg\" alt=\"\" width=\"624\" height=\"384\" srcset=\"https:\/\/www.granadablogs.com\/juezcalatayud\/wp-content\/uploads\/2018\/07\/rostro.jpg 624w, https:\/\/www.granadablogs.com\/juezcalatayud\/wp-content\/uploads\/2018\/07\/rostro-300x185.jpg 300w\" sizes=\"auto, (max-width: 624px) 100vw, 624px\" \/><figcaption id=\"caption-attachment-8809\" class=\"wp-caption-text\">ideal.es<\/figcaption><\/figure>\n<p>Buenas, soy Emilio Calatayud. Me lo comentaron el otro d\u00eda y lo comparto con vosotros porque creo que estar\u00e9is de acuerdo -igual no todos, pero s\u00ed la mayor\u00eda-. Hay algo que los padres de j\u00f3venes de entre\u00a0 17 y veinte y pico a\u00f1os (incluso treinta y pico, que la adolescencia dura ahora hasta los 40) est\u00e1n deseando escuchar porque les da tranquilidad: el ruido que hacen las llaves cuando los hijos las introducen en la cerradura al llegar de madrugada los fines de semana que salen de fiesta. Y si son hijas, y a la vista de c\u00f3mo est\u00e1n los tiempos, la tranquilidad es todav\u00eda mayor si cabe.<\/p>\n<p>Ese ruido es puro alivio, \u00bfverdad?<\/p>\n<p>&nbsp;<\/p>\n","protected":false},"excerpt":{"rendered":"<p>&nbsp; Buenas, soy Emilio Calatayud. Me lo comentaron el otro d\u00eda y lo comparto con vosotros porque creo que estar\u00e9is de acuerdo -igual no todos, pero s\u00ed la mayor\u00eda-. Hay algo que los padres de j\u00f3venes de entre\u00a0 17 y veinte y pico a\u00f1os (incluso treinta y pico, que la adolescencia dura ahora hasta los [&hellip;]<\/p>\n","protected":false},"author":2,"featured_media":0,"comment_status":"open","ping_status":"open","sticky":false,"template":"","format":"standard","meta":{"jetpack_post_was_ever_published":false,"_jetpack_newsletter_access":"","_jetpack_dont_email_post_to_subs":false,"_jetpack_newsletter_tier_id":0,"_jetpack_memberships_contains_paywalled_content":false,"_jetpack_memberships_contains_paid_content":false,"footnotes":""},"categories":[1],"tags":[90,2361],"class_list":["post-10441","post","type-post","status-publish","format-standard","hentry","category-blog","tag-padres","tag-tranquilidad"],"jetpack_featured_media_url":"","jetpack_shortlink":"https:\/\/wp.me\/p5fzW5-2Ip","jetpack-related-posts":[],"jetpack_sharing_enabled":true,"_links":{"self":[{"href":"https:\/\/www.granadablogs.com\/juezcalatayud\/wp-json\/wp\/v2\/posts\/10441","targetHints":{"allow":["GET"]}}],"collection":[{"href":"https:\/\/www.granadablogs.com\/juezcalatayud\/wp-json\/wp\/v2\/posts"}],"about":[{"href":"https:\/\/www.granadablogs.com\/juezcalatayud\/wp-json\/wp\/v2\/types\/post"}],"author":[{"embeddable":true,"href":"https:\/\/www.granadablogs.com\/juezcalatayud\/wp-json\/wp\/v2\/users\/2"}],"replies":[{"embeddable":true,"href":"https:\/\/www.granadablogs.com\/juezcalatayud\/wp-json\/wp\/v2\/comments?post=10441"}],"version-history":[{"count":1,"href":"https:\/\/www.granadablogs.com\/juezcalatayud\/wp-json\/wp\/v2\/posts\/10441\/revisions"}],"predecessor-version":[{"id":10442,"href":"https:\/\/www.granadablogs.com\/juezcalatayud\/wp-json\/wp\/v2\/posts\/10441\/revisions\/10442"}],"wp:attachment":[{"href":"https:\/\/www.granadablogs.com\/juezcalatayud\/wp-json\/wp\/v2\/media?parent=10441"}],"wp:term":[{"taxonomy":"category","embeddable":true,"href":"https:\/\/www.granadablogs.com\/juezcalatayud\/wp-json\/wp\/v2\/categories?post=10441"},{"taxonomy":"post_tag","embeddable":true,"href":"https:\/\/www.granadablogs.com\/juezcalatayud\/wp-json\/wp\/v2\/tags?post=10441"}],"curies":[{"name":"wp","href":"https:\/\/api.w.org\/{rel}","templated":true}]}}