{"id":10435,"date":"2019-04-06T21:18:21","date_gmt":"2019-04-06T19:18:21","guid":{"rendered":"https:\/\/www.granadablogs.com\/juezcalatayud\/?p=10435"},"modified":"2019-04-06T21:18:21","modified_gmt":"2019-04-06T19:18:21","slug":"si-al-final-llega-a-las-cortes-una-ley-de-eutanasia-los-congresistas-deben-votar-en-conciencia-y-no-lo-que-les-digan-que-voten","status":"publish","type":"post","link":"https:\/\/www.granadablogs.com\/juezcalatayud\/2019\/04\/si-al-final-llega-a-las-cortes-una-ley-de-eutanasia-los-congresistas-deben-votar-en-conciencia-y-no-lo-que-les-digan-que-voten\/","title":{"rendered":"Si al final llega a las Cortes una ley de eutanasia, los congresistas deben votar en conciencia y no lo que les digan que voten"},"content":{"rendered":"<p>&nbsp;<\/p>\n<figure id=\"attachment_9200\" aria-describedby=\"caption-attachment-9200\" style=\"width: 630px\" class=\"wp-caption aligncenter\"><img loading=\"lazy\" decoding=\"async\" class=\"wp-image-9200 size-full\" src=\"https:\/\/www.granadablogs.com\/juezcalatayud\/wp-content\/uploads\/2018\/09\/xlelsemanal.jpg\" alt=\"\" width=\"630\" height=\"437\" srcset=\"https:\/\/www.granadablogs.com\/juezcalatayud\/wp-content\/uploads\/2018\/09\/xlelsemanal.jpg 630w, https:\/\/www.granadablogs.com\/juezcalatayud\/wp-content\/uploads\/2018\/09\/xlelsemanal-300x208.jpg 300w\" sizes=\"auto, (max-width: 630px) 100vw, 630px\" \/><figcaption id=\"caption-attachment-9200\" class=\"wp-caption-text\">xlsemanal.com<\/figcaption><\/figure>\n<p>Buenas, soy Emilio Calatayud. Si al final llega a las Cortes una ley de eutanasia, y yo creo que tarde o temprano llegar\u00e1, los congresistas deben votar en conciencia y no lo que les digan que tienen que votar desde las c\u00fapulas de los partidos. Es un asunto lo suficientemente serio y grave como para que no sean solo los cuatro o cinco &#8216;jefes&#8217; de turno los que decidan. No est\u00e1 escrito en ning\u00fan sitio que todos los de izquierdas sean favorables a la eutanasia ni que todos los de derechas sean contrarios a la eutanasia. Me consta que hay de todo en ambos lados. Por eso es de vital importancia que haya libertad de voto y que cada representante pol\u00edtico tenga autonom\u00eda para decantarse por lo que su conciencia le dicte.\u00a0 Y si hay alguno que no tenga conciencia, lo mejor es que se abstenga.<\/p>\n<p>Por lo dem\u00e1s, dir\u00e9 que me parece un asunto tan delicado que yo no me he formado una opini\u00f3n todav\u00eda. Y no s\u00e9 si al final llegar\u00e9 a una conclusi\u00f3n. Lo \u00fanico que tengo claro es que ahora mismo no me siento capacitado para emitir un juicio en uno o en otro sentido, por eso es fundamental que exista la libertad de voto.<\/p>\n<p>&nbsp;<\/p>\n","protected":false},"excerpt":{"rendered":"<p>&nbsp; Buenas, soy Emilio Calatayud. Si al final llega a las Cortes una ley de eutanasia, y yo creo que tarde o temprano llegar\u00e1, los congresistas deben votar en conciencia y no lo que les digan que tienen que votar desde las c\u00fapulas de los partidos. Es un asunto lo suficientemente serio y grave como [&hellip;]<\/p>\n","protected":false},"author":2,"featured_media":0,"comment_status":"open","ping_status":"open","sticky":false,"template":"","format":"standard","meta":{"jetpack_post_was_ever_published":false,"_jetpack_newsletter_access":"","_jetpack_dont_email_post_to_subs":false,"_jetpack_newsletter_tier_id":0,"_jetpack_memberships_contains_paywalled_content":false,"_jetpack_memberships_contains_paid_content":false,"footnotes":""},"categories":[1],"tags":[747,721,294],"class_list":["post-10435","post","type-post","status-publish","format-standard","hentry","category-blog","tag-eutanasia","tag-libertad","tag-voto"],"jetpack_featured_media_url":"","jetpack_shortlink":"https:\/\/wp.me\/p5fzW5-2Ij","jetpack-related-posts":[],"jetpack_sharing_enabled":true,"_links":{"self":[{"href":"https:\/\/www.granadablogs.com\/juezcalatayud\/wp-json\/wp\/v2\/posts\/10435","targetHints":{"allow":["GET"]}}],"collection":[{"href":"https:\/\/www.granadablogs.com\/juezcalatayud\/wp-json\/wp\/v2\/posts"}],"about":[{"href":"https:\/\/www.granadablogs.com\/juezcalatayud\/wp-json\/wp\/v2\/types\/post"}],"author":[{"embeddable":true,"href":"https:\/\/www.granadablogs.com\/juezcalatayud\/wp-json\/wp\/v2\/users\/2"}],"replies":[{"embeddable":true,"href":"https:\/\/www.granadablogs.com\/juezcalatayud\/wp-json\/wp\/v2\/comments?post=10435"}],"version-history":[{"count":4,"href":"https:\/\/www.granadablogs.com\/juezcalatayud\/wp-json\/wp\/v2\/posts\/10435\/revisions"}],"predecessor-version":[{"id":10439,"href":"https:\/\/www.granadablogs.com\/juezcalatayud\/wp-json\/wp\/v2\/posts\/10435\/revisions\/10439"}],"wp:attachment":[{"href":"https:\/\/www.granadablogs.com\/juezcalatayud\/wp-json\/wp\/v2\/media?parent=10435"}],"wp:term":[{"taxonomy":"category","embeddable":true,"href":"https:\/\/www.granadablogs.com\/juezcalatayud\/wp-json\/wp\/v2\/categories?post=10435"},{"taxonomy":"post_tag","embeddable":true,"href":"https:\/\/www.granadablogs.com\/juezcalatayud\/wp-json\/wp\/v2\/tags?post=10435"}],"curies":[{"name":"wp","href":"https:\/\/api.w.org\/{rel}","templated":true}]}}